{"id":39937,"date":"2023-04-29T13:55:15","date_gmt":"2023-04-29T19:55:15","guid":{"rendered":"https:\/\/encuentroinformativo.com.mx\/?p=39937"},"modified":"2023-04-29T13:55:19","modified_gmt":"2023-04-29T19:55:19","slug":"atienden-autoridades-caida-de-arboles","status":"publish","type":"post","link":"https:\/\/encuentroinformativo.com.mx\/?p=39937","title":{"rendered":"Atienden autoridades ca\u00edda de \u00e1rboles"},"content":{"rendered":"\n<p><strong>Dar\u00edo Pale <\/strong><\/p>\n\n\n\n<p>Xalapa, Ver.- La ma\u00f1ana de este s\u00e1bado debido a las fuertes rachas de viento han ocasionado la ca\u00edda ramas y de \u00e1rboles en diferentes puntos de la capital del estado.<\/p>\n\n\n\n<p>En un par de horas se ha registrado la ca\u00edda de \u00e1rboles en la avenida Ruiz Cortines, en la calle Toluca de la colonia Revoluci\u00f3n y calle Caoba colonia Lomas de San Roque.<\/p>\n\n\n\n<p>En uno de esos se llev\u00f3 el cableado el\u00e9ctrico, por lo que la unidad municipal de Protecci\u00f3n Civil ya se encuentra haciendo labores de retiro,al igual que bomberos de Xalapa.<\/p>\n\n\n\n<p>Hasta el momento no se tienen datos de personas afectadas, pero en la avenida de Encanto frente al Congreso del Estado la ca\u00edda de un \u00e1rbol si ocasion\u00f3 da\u00f1os a veh\u00edculos que se encontraban estacionados, adem\u00e1s de cables de luz as\u00ed como de telefon\u00eda se han visto afectados.<\/p>\n\n\n\n<figure class=\"wp-block-image size-large\"><img loading=\"lazy\" decoding=\"async\" width=\"960\" height=\"720\" src=\"https:\/\/encuentroinformativo.com.mx\/wp-content\/uploads\/2023\/04\/IMG-20230429-WA0033.jpg\" alt=\"\" class=\"wp-image-39939\" srcset=\"https:\/\/encuentroinformativo.com.mx\/wp-content\/uploads\/2023\/04\/IMG-20230429-WA0033.jpg 960w, https:\/\/encuentroinformativo.com.mx\/wp-content\/uploads\/2023\/04\/IMG-20230429-WA0033-300x225.jpg 300w, https:\/\/encuentroinformativo.com.mx\/wp-content\/uploads\/2023\/04\/IMG-20230429-WA0033-768x576.jpg 768w\" sizes=\"auto, (max-width: 960px) 100vw, 960px\" \/><\/figure>\n","protected":false},"excerpt":{"rendered":"<p>Dar\u00edo Pale Xalapa, Ver.- La ma\u00f1ana de este s\u00e1bado debido a las fuertes rachas de viento han ocasionado la ca\u00edda ramas y de \u00e1rboles en diferentes puntos de la capital del estado. En un par de horas se ha registrado la ca\u00edda de \u00e1rboles en la avenida Ruiz Cortines, en la calle Toluca de la [&hellip;]<\/p>\n","protected":false},"author":2476,"featured_media":39938,"comment_status":"open","ping_status":"open","sticky":false,"template":"","format":"standard","meta":{"_jetpack_memberships_contains_paid_content":false,"footnotes":""},"categories":[3],"tags":[],"class_list":["post-39937","post","type-post","status-publish","format-standard","has-post-thumbnail","hentry","category-xalapa"],"jetpack_featured_media_url":"https:\/\/encuentroinformativo.com.mx\/wp-content\/uploads\/2023\/04\/IMG-20230429-WA0020.jpg","jetpack_sharing_enabled":true,"jetpack_likes_enabled":true,"amp_enabled":true,"_links":{"self":[{"href":"https:\/\/encuentroinformativo.com.mx\/index.php?rest_route=\/wp\/v2\/posts\/39937","targetHints":{"allow":["GET"]}}],"collection":[{"href":"https:\/\/encuentroinformativo.com.mx\/index.php?rest_route=\/wp\/v2\/posts"}],"about":[{"href":"https:\/\/encuentroinformativo.com.mx\/index.php?rest_route=\/wp\/v2\/types\/post"}],"author":[{"embeddable":true,"href":"https:\/\/encuentroinformativo.com.mx\/index.php?rest_route=\/wp\/v2\/users\/2476"}],"replies":[{"embeddable":true,"href":"https:\/\/encuentroinformativo.com.mx\/index.php?rest_route=%2Fwp%2Fv2%2Fcomments&post=39937"}],"version-history":[{"count":1,"href":"https:\/\/encuentroinformativo.com.mx\/index.php?rest_route=\/wp\/v2\/posts\/39937\/revisions"}],"predecessor-version":[{"id":39940,"href":"https:\/\/encuentroinformativo.com.mx\/index.php?rest_route=\/wp\/v2\/posts\/39937\/revisions\/39940"}],"wp:featuredmedia":[{"embeddable":true,"href":"https:\/\/encuentroinformativo.com.mx\/index.php?rest_route=\/wp\/v2\/media\/39938"}],"wp:attachment":[{"href":"https:\/\/encuentroinformativo.com.mx\/index.php?rest_route=%2Fwp%2Fv2%2Fmedia&parent=39937"}],"wp:term":[{"taxonomy":"category","embeddable":true,"href":"https:\/\/encuentroinformativo.com.mx\/index.php?rest_route=%2Fwp%2Fv2%2Fcategories&post=39937"},{"taxonomy":"post_tag","embeddable":true,"href":"https:\/\/encuentroinformativo.com.mx\/index.php?rest_route=%2Fwp%2Fv2%2Ftags&post=39937"}],"curies":[{"name":"wp","href":"https:\/\/api.w.org\/{rel}","templated":true}]}}