{"id":3994,"date":"2020-07-10T11:46:56","date_gmt":"2020-07-10T16:46:56","guid":{"rendered":"https:\/\/encuentroinformativo.com\/?p=3994"},"modified":"2020-07-10T11:46:58","modified_gmt":"2020-07-10T16:46:58","slug":"intensifican-operativos-en-transporte-publico","status":"publish","type":"post","link":"https:\/\/encuentroinformativo.com.mx\/?p=3994","title":{"rendered":"Intensifican operativos en transporte p\u00fablico"},"content":{"rendered":"\n<p><strong>Dar\u00edo Pale <\/strong><\/p>\n\n\n\n<p>Xalapa, Ver.- El Delegado de Transporte P\u00fablico de Xalapa Noe Gonz\u00e1lez Guti\u00e9rrez dio a conocer que a partir de hoy implementar\u00e1n operativos en todo el estado para que se respete la sana distancia, el uso de cubrebocas y que el cupo del transporte sea al 50 por ciento.<\/p>\n\n\n\n<p>Entrevistado durante el operativo en la calle de Enr\u00edquez se\u00f1al\u00f3 que est\u00e1n exhortando a los pasajeros para que hagan uso del cubrebocas, a quien no lo porte le obsequiar\u00e1n uno y en caso de que no quiera utilizarlo el conductor les podr\u00e1 negar el servicio.<\/p>\n\n\n\n<p>\u201cMuy probablemente los usuarios se molesten pero tienen que entender y hacer conciencia de que esto del COVID va en serio, Xalapa ya es uno de los primeros lugares a nivel del estado en contagios, por lo que tenemos que hacer algo para reducir esto\u201d se\u00f1al\u00f3.<\/p>\n\n\n\n<p>Dio a conocer que est\u00e1n exhortando a los conductores a que utilicen solo el 50 por ciento de los asientos que trae, ya que solo se podr\u00e1n utilizar los que est\u00e1n pegados a las ventanillas, al transporte \u00a0colectivo solo se les permitir\u00e1 ocho pasajeros m\u00e1ximo nueve en toda la unidad y en los taxis solo tres.<\/p>\n\n\n\n<p>Finalmente se\u00f1al\u00f3 que esperan tener una buena respuesta por parte de la ciudadan\u00eda en estos operativos, los cuales ser\u00e1 por tiempo indefinido en todo el estado, y donde los transportistas est\u00e1n de acuerdo con las autoridades por o que no hay riesgo de que se inconformen.<\/p>\n\n\n\n<p><\/p>\n","protected":false},"excerpt":{"rendered":"<p>Dar\u00edo Pale Xalapa, Ver.- El Delegado de Transporte P\u00fablico de Xalapa Noe Gonz\u00e1lez Guti\u00e9rrez dio a conocer que a partir de hoy implementar\u00e1n operativos en todo el estado para que se respete la sana distancia, el uso de cubrebocas y que el cupo del transporte sea al 50 por ciento. Entrevistado durante el operativo en [&hellip;]<\/p>\n","protected":false},"author":1,"featured_media":3995,"comment_status":"open","ping_status":"open","sticky":false,"template":"","format":"standard","meta":{"_jetpack_memberships_contains_paid_content":false,"footnotes":""},"categories":[3],"tags":[],"class_list":["post-3994","post","type-post","status-publish","format-standard","has-post-thumbnail","hentry","category-xalapa"],"jetpack_featured_media_url":"https:\/\/encuentroinformativo.com.mx\/wp-content\/uploads\/2020\/07\/EB5A00FD-F6CF-475B-8873-247ED209B215.jpeg","jetpack_sharing_enabled":true,"jetpack_likes_enabled":true,"amp_enabled":true,"_links":{"self":[{"href":"https:\/\/encuentroinformativo.com.mx\/index.php?rest_route=\/wp\/v2\/posts\/3994","targetHints":{"allow":["GET"]}}],"collection":[{"href":"https:\/\/encuentroinformativo.com.mx\/index.php?rest_route=\/wp\/v2\/posts"}],"about":[{"href":"https:\/\/encuentroinformativo.com.mx\/index.php?rest_route=\/wp\/v2\/types\/post"}],"author":[{"embeddable":true,"href":"https:\/\/encuentroinformativo.com.mx\/index.php?rest_route=\/wp\/v2\/users\/1"}],"replies":[{"embeddable":true,"href":"https:\/\/encuentroinformativo.com.mx\/index.php?rest_route=%2Fwp%2Fv2%2Fcomments&post=3994"}],"version-history":[{"count":1,"href":"https:\/\/encuentroinformativo.com.mx\/index.php?rest_route=\/wp\/v2\/posts\/3994\/revisions"}],"predecessor-version":[{"id":3996,"href":"https:\/\/encuentroinformativo.com.mx\/index.php?rest_route=\/wp\/v2\/posts\/3994\/revisions\/3996"}],"wp:featuredmedia":[{"embeddable":true,"href":"https:\/\/encuentroinformativo.com.mx\/index.php?rest_route=\/wp\/v2\/media\/3995"}],"wp:attachment":[{"href":"https:\/\/encuentroinformativo.com.mx\/index.php?rest_route=%2Fwp%2Fv2%2Fmedia&parent=3994"}],"wp:term":[{"taxonomy":"category","embeddable":true,"href":"https:\/\/encuentroinformativo.com.mx\/index.php?rest_route=%2Fwp%2Fv2%2Fcategories&post=3994"},{"taxonomy":"post_tag","embeddable":true,"href":"https:\/\/encuentroinformativo.com.mx\/index.php?rest_route=%2Fwp%2Fv2%2Ftags&post=3994"}],"curies":[{"name":"wp","href":"https:\/\/api.w.org\/{rel}","templated":true}]}}