{"id":39949,"date":"2023-04-29T16:50:54","date_gmt":"2023-04-29T22:50:54","guid":{"rendered":"https:\/\/encuentroinformativo.com.mx\/?p=39949"},"modified":"2023-04-29T16:50:59","modified_gmt":"2023-04-29T22:50:59","slug":"de-visita-marcelo-ebrard-en-veracruz","status":"publish","type":"post","link":"https:\/\/encuentroinformativo.com.mx\/?p=39949","title":{"rendered":"De visita Marcelo Ebrard en Veracruz"},"content":{"rendered":"\n<p><strong>Dar\u00edo Pale <\/strong><\/p>\n\n\n\n<p>Xalapa, Ver.- El gobernador del estado Cuitl\u00e1huac Garc\u00eda Jim\u00e9nez no asisti\u00f3 al evento Encuentro con L\u00edderes Veracruzanos de Marcelo Ebrard y mando en su representaci\u00f3n a Enrique de Jes\u00fas Nach\u00f3n Garc\u00eda.<\/p>\n\n\n\n<p>Entrevistado a su arribo a conocido hotel del centro de Xalapa Nach\u00f3n Garc\u00eda dio a conocer que asist\u00eda en representaci\u00f3n del gobernador al evento del canciller, quien afirm\u00f3 que Ebrard viene al Estado a t\u00edtulo personal.<\/p>\n\n\n\n<p>&#8220;Por \u00f3rdenes e instrucciones del Gobernador vengo en su representaci\u00f3n al evento para recibir al canciller que viene a t\u00edtulo personal, va a ser la presentaci\u00f3n de su libro, afortunadamente aqu\u00ed los sectores lo est\u00e1n invitando a comer y estaremos acompa\u00f1\u00e1ndolos&#8221;, se\u00f1al\u00f3.<\/p>\n\n\n\n<p>Este d\u00eda el canciller mexicano, quien tambi\u00e9n es llamado una de las corcholatas del presidente Andr\u00e9s Manuel L\u00f3pez Obrador est\u00e1 de visita en Veracruz para hacer la presentaci\u00f3n de su libro &#8220;El camino de M\u00e9xico&#8221;, que se llevar\u00e1 a cabo en el auditorio IMAC de esta capital.<\/p>\n\n\n\n<p>Este d\u00eda se re\u00fane con diversos empresarios quienes le ofrecieron una comida y posteriormente ser\u00e1 la presentaci\u00f3n de su libro.<\/p>\n\n\n\n<p>El domingo estar\u00e1 en el puerto de Veracruz, en el Teatro de la Reforma y presuntamente el evento que estaba programado para Alvarado se habr\u00eda cancelado.<\/p>\n\n\n\n<p>Marcelo Ebrard era el \u00fanico de las llamadas corcholatas que no hab\u00eda venido a la Entidad para reunirse con sectores.<\/p>\n","protected":false},"excerpt":{"rendered":"<p>Dar\u00edo Pale Xalapa, Ver.- El gobernador del estado Cuitl\u00e1huac Garc\u00eda Jim\u00e9nez no asisti\u00f3 al evento Encuentro con L\u00edderes Veracruzanos de Marcelo Ebrard y mando en su representaci\u00f3n a Enrique de Jes\u00fas Nach\u00f3n Garc\u00eda. Entrevistado a su arribo a conocido hotel del centro de Xalapa Nach\u00f3n Garc\u00eda dio a conocer que asist\u00eda en representaci\u00f3n del gobernador [&hellip;]<\/p>\n","protected":false},"author":2476,"featured_media":39950,"comment_status":"open","ping_status":"open","sticky":false,"template":"","format":"standard","meta":{"_jetpack_memberships_contains_paid_content":false,"footnotes":""},"categories":[2],"tags":[],"class_list":["post-39949","post","type-post","status-publish","format-standard","has-post-thumbnail","hentry","category-estado"],"jetpack_featured_media_url":"https:\/\/encuentroinformativo.com.mx\/wp-content\/uploads\/2023\/04\/IMG-20230429-WA0062.jpg","jetpack_sharing_enabled":true,"jetpack_likes_enabled":true,"amp_enabled":true,"_links":{"self":[{"href":"https:\/\/encuentroinformativo.com.mx\/index.php?rest_route=\/wp\/v2\/posts\/39949","targetHints":{"allow":["GET"]}}],"collection":[{"href":"https:\/\/encuentroinformativo.com.mx\/index.php?rest_route=\/wp\/v2\/posts"}],"about":[{"href":"https:\/\/encuentroinformativo.com.mx\/index.php?rest_route=\/wp\/v2\/types\/post"}],"author":[{"embeddable":true,"href":"https:\/\/encuentroinformativo.com.mx\/index.php?rest_route=\/wp\/v2\/users\/2476"}],"replies":[{"embeddable":true,"href":"https:\/\/encuentroinformativo.com.mx\/index.php?rest_route=%2Fwp%2Fv2%2Fcomments&post=39949"}],"version-history":[{"count":1,"href":"https:\/\/encuentroinformativo.com.mx\/index.php?rest_route=\/wp\/v2\/posts\/39949\/revisions"}],"predecessor-version":[{"id":39951,"href":"https:\/\/encuentroinformativo.com.mx\/index.php?rest_route=\/wp\/v2\/posts\/39949\/revisions\/39951"}],"wp:featuredmedia":[{"embeddable":true,"href":"https:\/\/encuentroinformativo.com.mx\/index.php?rest_route=\/wp\/v2\/media\/39950"}],"wp:attachment":[{"href":"https:\/\/encuentroinformativo.com.mx\/index.php?rest_route=%2Fwp%2Fv2%2Fmedia&parent=39949"}],"wp:term":[{"taxonomy":"category","embeddable":true,"href":"https:\/\/encuentroinformativo.com.mx\/index.php?rest_route=%2Fwp%2Fv2%2Fcategories&post=39949"},{"taxonomy":"post_tag","embeddable":true,"href":"https:\/\/encuentroinformativo.com.mx\/index.php?rest_route=%2Fwp%2Fv2%2Ftags&post=39949"}],"curies":[{"name":"wp","href":"https:\/\/api.w.org\/{rel}","templated":true}]}}