{"id":39955,"date":"2023-04-29T20:00:25","date_gmt":"2023-04-30T02:00:25","guid":{"rendered":"https:\/\/encuentroinformativo.com.mx\/?p=39955"},"modified":"2023-04-29T20:00:29","modified_gmt":"2023-04-30T02:00:29","slug":"veracruz-es-importante-para-mexico-ebrard","status":"publish","type":"post","link":"https:\/\/encuentroinformativo.com.mx\/?p=39955","title":{"rendered":"Veracruz es importante para M\u00e9xico: Ebrard"},"content":{"rendered":"\n<p><strong>Dar\u00edo Pale <\/strong><\/p>\n\n\n\n<p>Xalapa, Ver.- El Secretario de Relaciones Exteriores, Marcelo Ebrard Casaubon dio a conocer que el estado de Veracruz es de suma importancia \u201ces muy importante; si M\u00e9xico quiere salir adelante necesita incluir a Veracruz, si Veracruz no tiene \u00e9xito, tampoco M\u00e9xico\u201d.<\/p>\n\n\n\n<p>A su arribo al auditorio de la Iniciativa Municipal de Arte y Cultura (IMAC), donde realizo la presentaci\u00f3n de su libro &#8220;El Camino de M\u00e9xico&#8221;, estuvo a comparado de los ex rectores V\u00edctor Arredondo \u00c1lvarez, Sara Ladr\u00f3n de Guevara y Enrique De Jesus Nach\u00f3n Garc\u00eda en representaci\u00f3n del gobernador.<\/p>\n\n\n\n<p>En entrevista dijo que en este 2023 se tiene en la entidad veracruzana una de las inversiones extranjeras m\u00e1s grandes en la historia del territorio estatal, aunque no preciso los montos, pero que el tema ser\u00e1 comentado al gobernador Cuitl\u00e1huac Garc\u00eda para informarle de las empresas interesadas en invertir en Veracruz.<\/p>\n\n\n\n<p>Tambi\u00e9n fue cuestionado por la postura del gobernador veracruzano al pronunciarse a favor de la jefa de Gobierno, Claudia Sheinbaum para la candidatura a la presidencia de M\u00e9xico, respondi\u00f3 \u201ccada qui\u00e9n est\u00e1 en su derecho y que respete cada quien a los contrarios\u201d.<\/p>\n\n\n\n<figure class=\"wp-block-image size-large\"><img loading=\"lazy\" decoding=\"async\" width=\"1024\" height=\"576\" src=\"https:\/\/encuentroinformativo.com.mx\/wp-content\/uploads\/2023\/04\/IMG-20230429-WA0068-1024x576.jpg\" alt=\"\" class=\"wp-image-39957\" srcset=\"https:\/\/encuentroinformativo.com.mx\/wp-content\/uploads\/2023\/04\/IMG-20230429-WA0068-1024x576.jpg 1024w, https:\/\/encuentroinformativo.com.mx\/wp-content\/uploads\/2023\/04\/IMG-20230429-WA0068-300x169.jpg 300w, https:\/\/encuentroinformativo.com.mx\/wp-content\/uploads\/2023\/04\/IMG-20230429-WA0068-768x432.jpg 768w, https:\/\/encuentroinformativo.com.mx\/wp-content\/uploads\/2023\/04\/IMG-20230429-WA0068-1536x864.jpg 1536w, https:\/\/encuentroinformativo.com.mx\/wp-content\/uploads\/2023\/04\/IMG-20230429-WA0068.jpg 1599w\" sizes=\"auto, (max-width: 1024px) 100vw, 1024px\" \/><\/figure>\n","protected":false},"excerpt":{"rendered":"<p>Dar\u00edo Pale Xalapa, Ver.- El Secretario de Relaciones Exteriores, Marcelo Ebrard Casaubon dio a conocer que el estado de Veracruz es de suma importancia \u201ces muy importante; si M\u00e9xico quiere salir adelante necesita incluir a Veracruz, si Veracruz no tiene \u00e9xito, tampoco M\u00e9xico\u201d. A su arribo al auditorio de la Iniciativa Municipal de Arte y [&hellip;]<\/p>\n","protected":false},"author":2476,"featured_media":39956,"comment_status":"open","ping_status":"open","sticky":false,"template":"","format":"standard","meta":{"_jetpack_memberships_contains_paid_content":false,"footnotes":""},"categories":[2],"tags":[],"class_list":["post-39955","post","type-post","status-publish","format-standard","has-post-thumbnail","hentry","category-estado"],"jetpack_featured_media_url":"https:\/\/encuentroinformativo.com.mx\/wp-content\/uploads\/2023\/04\/IMG-20230429-WA00662.jpg","jetpack_sharing_enabled":true,"jetpack_likes_enabled":true,"amp_enabled":true,"_links":{"self":[{"href":"https:\/\/encuentroinformativo.com.mx\/index.php?rest_route=\/wp\/v2\/posts\/39955","targetHints":{"allow":["GET"]}}],"collection":[{"href":"https:\/\/encuentroinformativo.com.mx\/index.php?rest_route=\/wp\/v2\/posts"}],"about":[{"href":"https:\/\/encuentroinformativo.com.mx\/index.php?rest_route=\/wp\/v2\/types\/post"}],"author":[{"embeddable":true,"href":"https:\/\/encuentroinformativo.com.mx\/index.php?rest_route=\/wp\/v2\/users\/2476"}],"replies":[{"embeddable":true,"href":"https:\/\/encuentroinformativo.com.mx\/index.php?rest_route=%2Fwp%2Fv2%2Fcomments&post=39955"}],"version-history":[{"count":1,"href":"https:\/\/encuentroinformativo.com.mx\/index.php?rest_route=\/wp\/v2\/posts\/39955\/revisions"}],"predecessor-version":[{"id":39958,"href":"https:\/\/encuentroinformativo.com.mx\/index.php?rest_route=\/wp\/v2\/posts\/39955\/revisions\/39958"}],"wp:featuredmedia":[{"embeddable":true,"href":"https:\/\/encuentroinformativo.com.mx\/index.php?rest_route=\/wp\/v2\/media\/39956"}],"wp:attachment":[{"href":"https:\/\/encuentroinformativo.com.mx\/index.php?rest_route=%2Fwp%2Fv2%2Fmedia&parent=39955"}],"wp:term":[{"taxonomy":"category","embeddable":true,"href":"https:\/\/encuentroinformativo.com.mx\/index.php?rest_route=%2Fwp%2Fv2%2Fcategories&post=39955"},{"taxonomy":"post_tag","embeddable":true,"href":"https:\/\/encuentroinformativo.com.mx\/index.php?rest_route=%2Fwp%2Fv2%2Ftags&post=39955"}],"curies":[{"name":"wp","href":"https:\/\/api.w.org\/{rel}","templated":true}]}}