{"id":39959,"date":"2023-04-29T20:10:39","date_gmt":"2023-04-30T02:10:39","guid":{"rendered":"https:\/\/encuentroinformativo.com.mx\/?p=39959"},"modified":"2023-04-29T20:10:43","modified_gmt":"2023-04-30T02:10:43","slug":"solo-afectaciones-menores-tras-impacto-del-frente-frio-52-en-boca-del-rio-alcalde-jm-unanue","status":"publish","type":"post","link":"https:\/\/encuentroinformativo.com.mx\/?p=39959","title":{"rendered":"S\u00f3lo afectaciones menores tras impacto del Frente Fr\u00edo 52 en Boca del R\u00edo: Alcalde JM Un\u00e1nue"},"content":{"rendered":"\n<p>Boca del R\u00edo, Ver.- Personal operativo del Ayuntamiento de Boca del R\u00edo ha permanecido en alerta previo al paso del Frente Fr\u00edo 52, as\u00ed como durante el impacto de las fuertes rachas de viento del norte que se registraron durante este s\u00e1bado, indic\u00f3 el Alcalde Juan Manuel Un\u00e1nue Abascal.<\/p>\n\n\n\n<p>\u201cPor el impacto del Frente Fr\u00edo 52, personal de las distintas \u00e1reas realizaron acciones de prevenci\u00f3n en playas y bulevares, as\u00ed como en toda la ciudad para salvaguardar la vida de turistas y locales, llev\u00e1ndose a cabo sin ning\u00fan problema\u201d, coment\u00f3 el Alcalde.<\/p>\n\n\n\n<p>Previo a la implementaci\u00f3n de la Alerta Gris por parte de la autoridad estatal, el personal municipal de las direcciones de Gobernaci\u00f3n, Alumbrado P\u00fablico, Limpia P\u00fablica, Mantenimiento Urbano, Tr\u00e1nsito Municipal, Polic\u00eda Municipal, as\u00ed como Protecci\u00f3n Civil municipal, permanecieron en alerta para apoyar a la poblaci\u00f3n que as\u00ed lo requiriera.<\/p>\n\n\n\n<p>En tanto el Director de Protecci\u00f3n Civil de Boca del R\u00edo, Jorge Roberto Rojas Hern\u00e1ndez, inform\u00f3 que los elementos a su cargo atendieron diferentes llamados de la ciudadan\u00eda, los cuales fueron m\u00ednimos pese a las fuertes rachas de viento del norte que se registraron en la ciudad; a todos los reportes se acudi\u00f3 en tiempo y forma.<\/p>\n\n\n\n<p>Entre las afectaciones se present\u00f3 la ca\u00edda de \u00e1rbol, ca\u00edda de poste, l\u00e1minas desprendidas, un parabus desprendido, fachadas afectadas y cables ca\u00eddos.<\/p>\n\n\n\n<p>Destac\u00f3 que desde temprana hora y en coordinaci\u00f3n con la direcci\u00f3n de Tr\u00e1nsito Municipal, se realiz\u00f3 el cierre vial del bulevar Manuel \u00c1vila Camacho en sus dos sentidos, en el carril sur a norte, desde Juan Pablo II hasta el entronque con Adolfo Ruiz Cortines y \u00c1vila Camacho y en el carril norte a sur, desde Jes\u00fas Reyes Heroles hasta la calle M\u00e9dico Militar.<\/p>\n\n\n\n<p>Rojas Hern\u00e1ndez dijo que la apertura de la vialidad depender\u00e1 de las condiciones del tiempo, una vez que la intensidad de las rachas de viento pierdan fuerza se ordenar\u00e1 el desbloqueo del bulevar.<\/p>\n\n\n\n<p>Asimismo, en conjunto con la Capitan\u00eda del Puerto se restringieron las actividades acu\u00e1ticas, adem\u00e1s del cierre de playas instalando la bandera roja, por lo que se solicit\u00f3 a los ciudadanos a salir del agua y retirarse al momento del impacto del Frente Fr\u00edo 52 en la costa boque\u00f1a. El cambio de color de bandera depender\u00e1 de la mejora del tiempo.<\/p>\n\n\n\n<p>Finalmente, el Presidente Municipal, Juan Manuel Un\u00e1nue Abascal, enfatiz\u00f3 que su gobierno sigue en alerta permanente ante cualquier contingencia, por lo que est\u00e1n a disposici\u00f3n los n\u00fameros para cualquier emergencia 911 y 2299 862323 de Protecci\u00f3n Civil Municipal de Boca del R\u00edo.<\/p>\n\n\n\n<figure class=\"wp-block-image size-large\"><img loading=\"lazy\" decoding=\"async\" width=\"1024\" height=\"681\" src=\"https:\/\/encuentroinformativo.com.mx\/wp-content\/uploads\/2023\/04\/IMG-20230429-WA0081-1024x681.jpg\" alt=\"\" class=\"wp-image-39961\" srcset=\"https:\/\/encuentroinformativo.com.mx\/wp-content\/uploads\/2023\/04\/IMG-20230429-WA0081-1024x681.jpg 1024w, https:\/\/encuentroinformativo.com.mx\/wp-content\/uploads\/2023\/04\/IMG-20230429-WA0081-300x200.jpg 300w, https:\/\/encuentroinformativo.com.mx\/wp-content\/uploads\/2023\/04\/IMG-20230429-WA0081-768x511.jpg 768w, https:\/\/encuentroinformativo.com.mx\/wp-content\/uploads\/2023\/04\/IMG-20230429-WA0081-1536x1021.jpg 1536w, https:\/\/encuentroinformativo.com.mx\/wp-content\/uploads\/2023\/04\/IMG-20230429-WA0081.jpg 1600w\" sizes=\"auto, (max-width: 1024px) 100vw, 1024px\" \/><\/figure>\n","protected":false},"excerpt":{"rendered":"<p>Boca del R\u00edo, Ver.- Personal operativo del Ayuntamiento de Boca del R\u00edo ha permanecido en alerta previo al paso del Frente Fr\u00edo 52, as\u00ed como durante el impacto de las fuertes rachas de viento del norte que se registraron durante este s\u00e1bado, indic\u00f3 el Alcalde Juan Manuel Un\u00e1nue Abascal. \u201cPor el impacto del Frente Fr\u00edo [&hellip;]<\/p>\n","protected":false},"author":2476,"featured_media":39960,"comment_status":"open","ping_status":"open","sticky":false,"template":"","format":"standard","meta":{"_jetpack_memberships_contains_paid_content":false,"footnotes":""},"categories":[2],"tags":[],"class_list":["post-39959","post","type-post","status-publish","format-standard","has-post-thumbnail","hentry","category-estado"],"jetpack_featured_media_url":"https:\/\/encuentroinformativo.com.mx\/wp-content\/uploads\/2023\/04\/IMG-20230429-WA0083.jpg","jetpack_sharing_enabled":true,"jetpack_likes_enabled":true,"amp_enabled":true,"_links":{"self":[{"href":"https:\/\/encuentroinformativo.com.mx\/index.php?rest_route=\/wp\/v2\/posts\/39959","targetHints":{"allow":["GET"]}}],"collection":[{"href":"https:\/\/encuentroinformativo.com.mx\/index.php?rest_route=\/wp\/v2\/posts"}],"about":[{"href":"https:\/\/encuentroinformativo.com.mx\/index.php?rest_route=\/wp\/v2\/types\/post"}],"author":[{"embeddable":true,"href":"https:\/\/encuentroinformativo.com.mx\/index.php?rest_route=\/wp\/v2\/users\/2476"}],"replies":[{"embeddable":true,"href":"https:\/\/encuentroinformativo.com.mx\/index.php?rest_route=%2Fwp%2Fv2%2Fcomments&post=39959"}],"version-history":[{"count":1,"href":"https:\/\/encuentroinformativo.com.mx\/index.php?rest_route=\/wp\/v2\/posts\/39959\/revisions"}],"predecessor-version":[{"id":39962,"href":"https:\/\/encuentroinformativo.com.mx\/index.php?rest_route=\/wp\/v2\/posts\/39959\/revisions\/39962"}],"wp:featuredmedia":[{"embeddable":true,"href":"https:\/\/encuentroinformativo.com.mx\/index.php?rest_route=\/wp\/v2\/media\/39960"}],"wp:attachment":[{"href":"https:\/\/encuentroinformativo.com.mx\/index.php?rest_route=%2Fwp%2Fv2%2Fmedia&parent=39959"}],"wp:term":[{"taxonomy":"category","embeddable":true,"href":"https:\/\/encuentroinformativo.com.mx\/index.php?rest_route=%2Fwp%2Fv2%2Fcategories&post=39959"},{"taxonomy":"post_tag","embeddable":true,"href":"https:\/\/encuentroinformativo.com.mx\/index.php?rest_route=%2Fwp%2Fv2%2Ftags&post=39959"}],"curies":[{"name":"wp","href":"https:\/\/api.w.org\/{rel}","templated":true}]}}