{"id":39963,"date":"2023-04-30T01:38:43","date_gmt":"2023-04-30T07:38:43","guid":{"rendered":"https:\/\/encuentroinformativo.com.mx\/?p=39963"},"modified":"2023-04-30T01:38:47","modified_gmt":"2023-04-30T07:38:47","slug":"asiste-alcalde-ricardo-ahued-a-reunion-con-marcelo-ebrard","status":"publish","type":"post","link":"https:\/\/encuentroinformativo.com.mx\/?p=39963","title":{"rendered":"Asiste alcalde Ricardo Ahued a reuni\u00f3n con Marcelo Ebrard"},"content":{"rendered":"\n<p>Xalapa, Ver.- Invitado por el gobernador Cuitl\u00e1huac Garc\u00eda Jim\u00e9nez, el presidente municipal Ricardo Ahued Bardahuil acudi\u00f3 a Palacio de Gobierno, donde se reuni\u00f3 con el secretario de Relaciones Exteriores, Marcelo Ebrard.<\/p>\n\n\n\n<p>Durante el encuentro, el funcionario federal le obsequi\u00f3 su libro autobiogr\u00e1fico &#8220;El camino de M\u00e9xico&#8221;.<\/p>\n","protected":false},"excerpt":{"rendered":"<p>Xalapa, Ver.- Invitado por el gobernador Cuitl\u00e1huac Garc\u00eda Jim\u00e9nez, el presidente municipal Ricardo Ahued Bardahuil acudi\u00f3 a Palacio de Gobierno, donde se reuni\u00f3 con el secretario de Relaciones Exteriores, Marcelo Ebrard. Durante el encuentro, el funcionario federal le obsequi\u00f3 su libro autobiogr\u00e1fico &#8220;El camino de M\u00e9xico&#8221;.<\/p>\n","protected":false},"author":2476,"featured_media":39964,"comment_status":"open","ping_status":"open","sticky":false,"template":"","format":"standard","meta":{"_jetpack_memberships_contains_paid_content":false,"footnotes":""},"categories":[2],"tags":[],"class_list":["post-39963","post","type-post","status-publish","format-standard","has-post-thumbnail","hentry","category-estado"],"jetpack_featured_media_url":"https:\/\/encuentroinformativo.com.mx\/wp-content\/uploads\/2023\/04\/IMG-20230429-WA00862.jpg","jetpack_sharing_enabled":true,"jetpack_likes_enabled":true,"amp_enabled":true,"_links":{"self":[{"href":"https:\/\/encuentroinformativo.com.mx\/index.php?rest_route=\/wp\/v2\/posts\/39963","targetHints":{"allow":["GET"]}}],"collection":[{"href":"https:\/\/encuentroinformativo.com.mx\/index.php?rest_route=\/wp\/v2\/posts"}],"about":[{"href":"https:\/\/encuentroinformativo.com.mx\/index.php?rest_route=\/wp\/v2\/types\/post"}],"author":[{"embeddable":true,"href":"https:\/\/encuentroinformativo.com.mx\/index.php?rest_route=\/wp\/v2\/users\/2476"}],"replies":[{"embeddable":true,"href":"https:\/\/encuentroinformativo.com.mx\/index.php?rest_route=%2Fwp%2Fv2%2Fcomments&post=39963"}],"version-history":[{"count":1,"href":"https:\/\/encuentroinformativo.com.mx\/index.php?rest_route=\/wp\/v2\/posts\/39963\/revisions"}],"predecessor-version":[{"id":39965,"href":"https:\/\/encuentroinformativo.com.mx\/index.php?rest_route=\/wp\/v2\/posts\/39963\/revisions\/39965"}],"wp:featuredmedia":[{"embeddable":true,"href":"https:\/\/encuentroinformativo.com.mx\/index.php?rest_route=\/wp\/v2\/media\/39964"}],"wp:attachment":[{"href":"https:\/\/encuentroinformativo.com.mx\/index.php?rest_route=%2Fwp%2Fv2%2Fmedia&parent=39963"}],"wp:term":[{"taxonomy":"category","embeddable":true,"href":"https:\/\/encuentroinformativo.com.mx\/index.php?rest_route=%2Fwp%2Fv2%2Fcategories&post=39963"},{"taxonomy":"post_tag","embeddable":true,"href":"https:\/\/encuentroinformativo.com.mx\/index.php?rest_route=%2Fwp%2Fv2%2Ftags&post=39963"}],"curies":[{"name":"wp","href":"https:\/\/api.w.org\/{rel}","templated":true}]}}