{"id":39968,"date":"2023-04-30T17:31:01","date_gmt":"2023-04-30T23:31:01","guid":{"rendered":"https:\/\/encuentroinformativo.com.mx\/?p=39968"},"modified":"2023-04-30T17:31:05","modified_gmt":"2023-04-30T23:31:05","slug":"veracruz-conmemoro-batalla-de-camaron","status":"publish","type":"post","link":"https:\/\/encuentroinformativo.com.mx\/?p=39968","title":{"rendered":"Veracruz conmemor\u00f3 Batalla de Camar\u00f3n"},"content":{"rendered":"\n<p>Camar\u00f3n de Tejeda, Ver.-<strong>\u00a0<\/strong>Veracruz conmemor\u00f3 el 160 aniversario de la Batalla de Camar\u00f3n, episodio de gloria militar mexicana contra un destacamento de la Legi\u00f3n Extranjera en 1863, en defensa de la soberan\u00eda; batalla que dio pie a la hermandad entre M\u00e9xico y Francia, dejando como legado la dignidad, humanismo, valent\u00eda y resistencia.<\/p>\n\n\n\n<p>\u201cNo podemos explicarnos el hoy sin tomar en cuenta el pasado. Ahora tenemos una relaci\u00f3n respetuosa, una amistad peculiar y de fraternidad\u201d, expres\u00f3 el gobernador Cuitl\u00e1huac Garc\u00eda Jim\u00e9nez; a su vez el Embajador de Francia en M\u00e9xico, Jean-Pierre Asvazadourian, destac\u00f3 la cooperaci\u00f3n para promover la paz, educaci\u00f3n, cultura, salud, econom\u00eda y la defensa.&nbsp;&nbsp;<\/p>\n\n\n\n<p>Alrededor de las 9:00 horas, el Ejecutivo, el Embajador, autoridades estatales, navales y militares dieron paso a las actividades conmemorativas con el dep\u00f3sito de ofrenda floral y guardia de honor ante el monumento del coronel Francisco de Paula Mil\u00e1n, en el Mausoleo Franco-Mexicano y en el monumento donde descansan los restos del doctor y coronel, Francisco Talavera.<\/p>\n\n\n\n<p>A continuaci\u00f3n, en la avenida Ni\u00f1os H\u00e9roes se realiz\u00f3 el desfile c\u00edvico \u2013 militar con la participaci\u00f3n de las secretar\u00edas de la Defensa Nacional, Marina y Seguridad P\u00fablica; abanderados de las asociaciones Franco-Mexicanas e integrantes del Tercer Regimiento de la Legi\u00f3n Extranjera Francesa.<\/p>\n\n\n\n<p>La ceremonia concluy\u00f3 con la guardia de honor y el toque de silencio en el monumento a los h\u00e9roes mexicanos. Acto seguido en el Museo de la Antigua Estaci\u00f3n Ferrocarrilera se present\u00f3 el libro&nbsp;<em>El combate de Camar\u00f3n y otros episodios de la intervenci\u00f3n francesa<\/em>&nbsp;del historiador H\u00e9ctor Manuel Strobel del Mora y el video&nbsp;<em>La ruta del legionario<\/em>&nbsp;por la Asociaci\u00f3n Camerone A.C.<\/p>\n\n\n\n<p>Asistieron el comandante de la Tercera Regi\u00f3n Naval, almirante Ra\u00fal P\u00e9rez V\u00e1zquez; el comandante de la 26 Zona Militar, general de Brigada DEM, Jos\u00e9 Francisco Camarena Hern\u00e1ndez; el general de la Legi\u00f3n Extranjera, Louis Pichot de Champfleury; el agregado militar de Francia en M\u00e9xico, coronel Michel Poledri y la C\u00f3nsul Honoraria de Francia en Veracruz, Lygie de Schuyter.<\/p>\n\n\n\n<p>Las presidentas de la Mesa Directiva de la LXVI del Congreso local, diputada Margarita Corro Mendoza, y del Tribunal Superior del Estado, magistrada Lisbeth Aurelia Jim\u00e9nez Aguirre, as\u00ed como la fiscal general del Estado, Ver\u00f3nica Hern\u00e1ndez Giad\u00e1ns, el secretario de Gobierno, Eric Cisneros Burgos; el alcalde de Camar\u00f3n de Tejeda, Uriel Gonz\u00e1lez Alarc\u00f3n y el el presidente de la Asociaci\u00f3n Camerone, Francisco Talavera Autrique.<\/p>\n","protected":false},"excerpt":{"rendered":"<p>Camar\u00f3n de Tejeda, Ver.-\u00a0Veracruz conmemor\u00f3 el 160 aniversario de la Batalla de Camar\u00f3n, episodio de gloria militar mexicana contra un destacamento de la Legi\u00f3n Extranjera en 1863, en defensa de la soberan\u00eda; batalla que dio pie a la hermandad entre M\u00e9xico y Francia, dejando como legado la dignidad, humanismo, valent\u00eda y resistencia. \u201cNo podemos explicarnos [&hellip;]<\/p>\n","protected":false},"author":2476,"featured_media":39969,"comment_status":"open","ping_status":"open","sticky":false,"template":"","format":"standard","meta":{"_jetpack_memberships_contains_paid_content":false,"footnotes":""},"categories":[2],"tags":[],"class_list":["post-39968","post","type-post","status-publish","format-standard","has-post-thumbnail","hentry","category-estado"],"jetpack_featured_media_url":"https:\/\/encuentroinformativo.com.mx\/wp-content\/uploads\/2023\/04\/BATALLA-CAMARON-160-ANOS18.jpeg","jetpack_sharing_enabled":true,"jetpack_likes_enabled":true,"amp_enabled":true,"_links":{"self":[{"href":"https:\/\/encuentroinformativo.com.mx\/index.php?rest_route=\/wp\/v2\/posts\/39968","targetHints":{"allow":["GET"]}}],"collection":[{"href":"https:\/\/encuentroinformativo.com.mx\/index.php?rest_route=\/wp\/v2\/posts"}],"about":[{"href":"https:\/\/encuentroinformativo.com.mx\/index.php?rest_route=\/wp\/v2\/types\/post"}],"author":[{"embeddable":true,"href":"https:\/\/encuentroinformativo.com.mx\/index.php?rest_route=\/wp\/v2\/users\/2476"}],"replies":[{"embeddable":true,"href":"https:\/\/encuentroinformativo.com.mx\/index.php?rest_route=%2Fwp%2Fv2%2Fcomments&post=39968"}],"version-history":[{"count":1,"href":"https:\/\/encuentroinformativo.com.mx\/index.php?rest_route=\/wp\/v2\/posts\/39968\/revisions"}],"predecessor-version":[{"id":39970,"href":"https:\/\/encuentroinformativo.com.mx\/index.php?rest_route=\/wp\/v2\/posts\/39968\/revisions\/39970"}],"wp:featuredmedia":[{"embeddable":true,"href":"https:\/\/encuentroinformativo.com.mx\/index.php?rest_route=\/wp\/v2\/media\/39969"}],"wp:attachment":[{"href":"https:\/\/encuentroinformativo.com.mx\/index.php?rest_route=%2Fwp%2Fv2%2Fmedia&parent=39968"}],"wp:term":[{"taxonomy":"category","embeddable":true,"href":"https:\/\/encuentroinformativo.com.mx\/index.php?rest_route=%2Fwp%2Fv2%2Fcategories&post=39968"},{"taxonomy":"post_tag","embeddable":true,"href":"https:\/\/encuentroinformativo.com.mx\/index.php?rest_route=%2Fwp%2Fv2%2Ftags&post=39968"}],"curies":[{"name":"wp","href":"https:\/\/api.w.org\/{rel}","templated":true}]}}