{"id":39974,"date":"2023-05-01T11:44:29","date_gmt":"2023-05-01T17:44:29","guid":{"rendered":"https:\/\/encuentroinformativo.com.mx\/?p=39974"},"modified":"2023-05-01T11:44:33","modified_gmt":"2023-05-01T17:44:33","slug":"acusan-a-diputado-de-perjudicar-gira-de-marcelo-ebrard-en-veracruz","status":"publish","type":"post","link":"https:\/\/encuentroinformativo.com.mx\/?p=39974","title":{"rendered":"Acusan a diputado de perjudicar gira de Marcelo Ebrard en Veracruz"},"content":{"rendered":"\n<p><strong>Alejandro \u00c1vila<\/strong><\/p>\n\n\n\n<p>Veracruz, Ver.- Asociaciones civiles y l\u00edderes sindicales acusaron al diputado local, Fernando Arteaga Aponte, de echar a perder el trabajo que realizaron durante semanas preparando la gira del canciller, Marcelo Ebrard Casaub\u00f3n, en el puerto de Veracruz.<\/p>\n\n\n\n<p>La idea de estos grupos era mostrar el m\u00fasculo del proyecto &#8220;Marcelo S\u00ed&#8221;, en los municipios de Veracruz, Boca del R\u00edo y Alvarado; sin embargo, el legislador morenista meti\u00f3 mano en el programa de actividades y termin\u00f3 desorganizando la gira.<\/p>\n\n\n\n<p>Cabe recordar que, los fines de semana pasados, Marcelo Ebrard se reuni\u00f3 con miles de simpatizantes en Puebla y Tijuana, respectivamente; en Veracruz la idea era similar y as\u00ed, confirmar las preferencias electorales a su favor, de cara a las elecciones internas de Morena en busca de la presidencia de la rep\u00fablica.<\/p>\n\n\n\n<p>Contrario a lo esperado, el canciller de M\u00e9xico solo tuvo dos eventos ante unos cientos de personas en las ciudades de Xalapa y Veracruz; todo debido a las grillas internas, se\u00f1alan los l\u00edderes sindicales, pues incluso le terminaron saboteando el evento masivo con 10 mil personas que estaba programado en la cabecera municipal de Alvarado.&nbsp;<\/p>\n\n\n\n<p>El diputado local, Fernando Arteaga ni siquiera pudo llenar el parque Zamora en el puerto de Veracruz; y por ai fuera poco, la activista M\u00f3nica Mendoza se quej\u00f3 en redes sociales sobre un bloqueo hacia su persona.<\/p>\n\n\n\n<p>La tambi\u00e9n periodista expuso en su cuenta personal de Twitter que fue invitada a dar unas palabras durante la presentaci\u00f3n del libro de Marcelo Ebrard en el teatro de la Reforma; ya en el recinto, los organizadores de la gira (la diputada, Malu Micher y el Senador, Primo Doth\u00e9) le comentaron que se hab\u00edan acortado los tiempos, por lo cual no tendr\u00eda ninguna intervenci\u00f3n.<\/p>\n\n\n\n<p>&#8220;No tienen la m\u00e1s m\u00ednima idea de qu\u00e9 va hacer pol\u00edtica en estos tiempos. Si a Marcelo Ebrard le parece callar mujeres, ignorarlas, tener la descortes\u00eda pol\u00edtica con una activista es posible porque no pasa nada. Se equivocamo. Jam\u00e1s podr\u00e1n callarnos nuevamente&#8221;, reclam\u00f3 en redes.<\/p>\n\n\n\n<p>Incluso, expusieron que la rueda de prensa de la ma\u00f1ana del domingo en conocido caf\u00e9 de Veracruz, termin\u00f3 siendo una sesi\u00f3n fotogr\u00e1fica y desayuno con algunos pol\u00edticos jarochos que hicieron de todo por hacerse pasar como cercanos a Ebrard, dejando a los medios de comunicaci\u00f3n en segundo plano.&nbsp;<\/p>\n\n\n\n<p>El m\u00e1s afectado por la desorganizaci\u00f3n, se\u00f1alaron, fue el secretario de Relaciones Exteriores, pues cancelo su visita a Alvarado por presuntos cambios de agenda, o al menos as\u00ed lo expres\u00f3 el coordinador estatal de &#8220;Marcelo S\u00ed&#8221;, el ex alcalde, Bogar Ruiz Rosas; y antes de partir de vuelta a Ciudad de M\u00e9xico, pudo comer mariscos en un restaurante de Boca del R\u00edo, donde reclam\u00f3 los eventos desangelados donde estuvo presente.<\/p>\n","protected":false},"excerpt":{"rendered":"<p>Alejandro \u00c1vila Veracruz, Ver.- Asociaciones civiles y l\u00edderes sindicales acusaron al diputado local, Fernando Arteaga Aponte, de echar a perder el trabajo que realizaron durante semanas preparando la gira del canciller, Marcelo Ebrard Casaub\u00f3n, en el puerto de Veracruz. La idea de estos grupos era mostrar el m\u00fasculo del proyecto &#8220;Marcelo S\u00ed&#8221;, en los municipios [&hellip;]<\/p>\n","protected":false},"author":2476,"featured_media":39975,"comment_status":"open","ping_status":"open","sticky":false,"template":"","format":"standard","meta":{"_jetpack_memberships_contains_paid_content":false,"footnotes":""},"categories":[2],"tags":[],"class_list":["post-39974","post","type-post","status-publish","format-standard","has-post-thumbnail","hentry","category-estado"],"jetpack_featured_media_url":"https:\/\/encuentroinformativo.com.mx\/wp-content\/uploads\/2023\/05\/IMG-20230501-WA0027.jpg","jetpack_sharing_enabled":true,"jetpack_likes_enabled":true,"amp_enabled":true,"_links":{"self":[{"href":"https:\/\/encuentroinformativo.com.mx\/index.php?rest_route=\/wp\/v2\/posts\/39974","targetHints":{"allow":["GET"]}}],"collection":[{"href":"https:\/\/encuentroinformativo.com.mx\/index.php?rest_route=\/wp\/v2\/posts"}],"about":[{"href":"https:\/\/encuentroinformativo.com.mx\/index.php?rest_route=\/wp\/v2\/types\/post"}],"author":[{"embeddable":true,"href":"https:\/\/encuentroinformativo.com.mx\/index.php?rest_route=\/wp\/v2\/users\/2476"}],"replies":[{"embeddable":true,"href":"https:\/\/encuentroinformativo.com.mx\/index.php?rest_route=%2Fwp%2Fv2%2Fcomments&post=39974"}],"version-history":[{"count":1,"href":"https:\/\/encuentroinformativo.com.mx\/index.php?rest_route=\/wp\/v2\/posts\/39974\/revisions"}],"predecessor-version":[{"id":39976,"href":"https:\/\/encuentroinformativo.com.mx\/index.php?rest_route=\/wp\/v2\/posts\/39974\/revisions\/39976"}],"wp:featuredmedia":[{"embeddable":true,"href":"https:\/\/encuentroinformativo.com.mx\/index.php?rest_route=\/wp\/v2\/media\/39975"}],"wp:attachment":[{"href":"https:\/\/encuentroinformativo.com.mx\/index.php?rest_route=%2Fwp%2Fv2%2Fmedia&parent=39974"}],"wp:term":[{"taxonomy":"category","embeddable":true,"href":"https:\/\/encuentroinformativo.com.mx\/index.php?rest_route=%2Fwp%2Fv2%2Fcategories&post=39974"},{"taxonomy":"post_tag","embeddable":true,"href":"https:\/\/encuentroinformativo.com.mx\/index.php?rest_route=%2Fwp%2Fv2%2Ftags&post=39974"}],"curies":[{"name":"wp","href":"https:\/\/api.w.org\/{rel}","templated":true}]}}