{"id":39983,"date":"2023-05-01T11:52:58","date_gmt":"2023-05-01T17:52:58","guid":{"rendered":"https:\/\/encuentroinformativo.com.mx\/?p=39983"},"modified":"2023-05-01T11:53:01","modified_gmt":"2023-05-01T17:53:01","slug":"celebro-alcalde-jm-unanue-a-mas-de-5-mil-boquenitos-por-el-dia-del-nino","status":"publish","type":"post","link":"https:\/\/encuentroinformativo.com.mx\/?p=39983","title":{"rendered":"Celebr\u00f3 Alcalde JM Un\u00e1nue a m\u00e1s de 5 mil boque\u00f1itos por el D\u00eda del Ni\u00f1o"},"content":{"rendered":"\n<p><strong>*<em>El parque Dren B de la colonia Carranza fue el escenario para esta festividad que cont\u00f3 con rifas, regalos y funci\u00f3n de lucha libre<\/em>.<\/strong><\/p>\n\n\n\n<p>Boca del R\u00edo, Ver.- Con la anfitrion\u00eda del Alcalde de Boca del R\u00edo, Juan Manuel Un\u00e1nue\u00a0Abascal y de la Presidenta del DIF municipal, Melina Rivera de Un\u00e1nue,\u00a0peque\u00f1os y familias celebraron el Festival \u201cD\u00eda del Ni\u00f1o 2023\u201d en el parque Dren B de la colonia Venustiano Carranza.<\/p>\n\n\n\n<p>Miles de personas de todo el municipio se dieron cita para pasar una tarde llena de diversi\u00f3n y de espect\u00e1culo en este domingo familiar.<\/p>\n\n\n\n<p>&#8220;Muy contentos de regresar al Dren B y poder celebrar a lo m\u00e1s importante que tenemos en nuestras familias, que son nuestras ni\u00f1as y ni\u00f1os. La idea es pasar esta fecha de manera muy agradable con las familias de Boca del R\u00edo&#8221;, destac\u00f3 el Alcalde.<\/p>\n\n\n\n<p>De inicio, ni\u00f1os y ni\u00f1as tuvieron la oportunidad de divertirse con los juegos Inflables y mec\u00e1nicos, resultando un momento de gran emoci\u00f3n,<br>adem\u00e1s de la feria con diferentes atracciones y actividades.<\/p>\n\n\n\n<p>Con la presencia de regidores y funcionarios municipales, Un\u00e1nue&nbsp;Abascal, encabez\u00f3 la rifa de bicicletas, lo que caus\u00f3 emoci\u00f3n y&nbsp;felicidades para todos los peque\u00f1os del hogar.<\/p>\n\n\n\n<p>Y el momento m\u00e1s esperado de la noche lleg\u00f3 con la mega funci\u00f3n de Lucha&nbsp;Libre, iniciando las acciones con el enfrentamiento entre Spiderman&nbsp;contra Venom, abriendo los enfrentamientos entre rudos y t\u00e9cnicos.<\/p>\n\n\n\n<p>Tambi\u00e9n se cont\u00f3 con un triangular de parejas, as\u00ed como una lucha&nbsp;especial recibiendo en el cuadril\u00e1tero a las amazonas Lady Michael y<br>Black Queen Vs Sthefany en pareja con Faistar.<\/p>\n\n\n\n<p>Sum\u00e1ndose una lucha semifinal para dar paso a la funci\u00f3n principal, con&nbsp;la presentaci\u00f3n estelar de Super Parka Jr. y Pr\u00edncipe de Plata&nbsp;enfrent\u00e1ndose a Hell Boy y Kronos, as\u00ed como a Fais\u00e1n Jr. en pareja con&nbsp;Blue Angel. El deporte espect\u00e1culo result\u00f3 todo un \u00e9xito, emocionante y&nbsp;divertido.<\/p>\n\n\n\n<p>El festejo result\u00f3 con Saldo Blanco gracias al operativo de seguridad,&nbsp;el cual estuvo integrado por la direcci\u00f3n de Protecci\u00f3n Civil de Boca&nbsp;del R\u00edo, Polic\u00eda Municipal, Tr\u00e1nsito, Gobernaci\u00f3n, DIF, entre otras&nbsp;\u00e1reas que mantuvieron el orden y resguardo.<\/p>\n\n\n\n<p>Al finalizar, el Alcalde de Boca del R\u00edo, Juan Manuel Un\u00e1nue, hizo entrega de regalos a los presentes agradeciendo su presencia en esta magna celebraci\u00f3n del D\u00eda del Ni\u00f1o.<\/p>\n\n\n\n<figure class=\"wp-block-image size-large\"><img loading=\"lazy\" decoding=\"async\" width=\"1024\" height=\"683\" src=\"https:\/\/encuentroinformativo.com.mx\/wp-content\/uploads\/2023\/05\/IMG-20230430-WA0059.jpg\" alt=\"\" class=\"wp-image-39985\" srcset=\"https:\/\/encuentroinformativo.com.mx\/wp-content\/uploads\/2023\/05\/IMG-20230430-WA0059.jpg 1024w, https:\/\/encuentroinformativo.com.mx\/wp-content\/uploads\/2023\/05\/IMG-20230430-WA0059-300x200.jpg 300w, https:\/\/encuentroinformativo.com.mx\/wp-content\/uploads\/2023\/05\/IMG-20230430-WA0059-768x512.jpg 768w\" sizes=\"auto, (max-width: 1024px) 100vw, 1024px\" \/><\/figure>\n","protected":false},"excerpt":{"rendered":"<p>*El parque Dren B de la colonia Carranza fue el escenario para esta festividad que cont\u00f3 con rifas, regalos y funci\u00f3n de lucha libre. Boca del R\u00edo, Ver.- Con la anfitrion\u00eda del Alcalde de Boca del R\u00edo, Juan Manuel Un\u00e1nue\u00a0Abascal y de la Presidenta del DIF municipal, Melina Rivera de Un\u00e1nue,\u00a0peque\u00f1os y familias celebraron el [&hellip;]<\/p>\n","protected":false},"author":2476,"featured_media":39984,"comment_status":"open","ping_status":"open","sticky":false,"template":"","format":"standard","meta":{"_jetpack_memberships_contains_paid_content":false,"footnotes":""},"categories":[2],"tags":[],"class_list":["post-39983","post","type-post","status-publish","format-standard","has-post-thumbnail","hentry","category-estado"],"jetpack_featured_media_url":"https:\/\/encuentroinformativo.com.mx\/wp-content\/uploads\/2023\/05\/IMG-20230430-WA00642.jpg","jetpack_sharing_enabled":true,"jetpack_likes_enabled":true,"amp_enabled":true,"_links":{"self":[{"href":"https:\/\/encuentroinformativo.com.mx\/index.php?rest_route=\/wp\/v2\/posts\/39983","targetHints":{"allow":["GET"]}}],"collection":[{"href":"https:\/\/encuentroinformativo.com.mx\/index.php?rest_route=\/wp\/v2\/posts"}],"about":[{"href":"https:\/\/encuentroinformativo.com.mx\/index.php?rest_route=\/wp\/v2\/types\/post"}],"author":[{"embeddable":true,"href":"https:\/\/encuentroinformativo.com.mx\/index.php?rest_route=\/wp\/v2\/users\/2476"}],"replies":[{"embeddable":true,"href":"https:\/\/encuentroinformativo.com.mx\/index.php?rest_route=%2Fwp%2Fv2%2Fcomments&post=39983"}],"version-history":[{"count":1,"href":"https:\/\/encuentroinformativo.com.mx\/index.php?rest_route=\/wp\/v2\/posts\/39983\/revisions"}],"predecessor-version":[{"id":39986,"href":"https:\/\/encuentroinformativo.com.mx\/index.php?rest_route=\/wp\/v2\/posts\/39983\/revisions\/39986"}],"wp:featuredmedia":[{"embeddable":true,"href":"https:\/\/encuentroinformativo.com.mx\/index.php?rest_route=\/wp\/v2\/media\/39984"}],"wp:attachment":[{"href":"https:\/\/encuentroinformativo.com.mx\/index.php?rest_route=%2Fwp%2Fv2%2Fmedia&parent=39983"}],"wp:term":[{"taxonomy":"category","embeddable":true,"href":"https:\/\/encuentroinformativo.com.mx\/index.php?rest_route=%2Fwp%2Fv2%2Fcategories&post=39983"},{"taxonomy":"post_tag","embeddable":true,"href":"https:\/\/encuentroinformativo.com.mx\/index.php?rest_route=%2Fwp%2Fv2%2Ftags&post=39983"}],"curies":[{"name":"wp","href":"https:\/\/api.w.org\/{rel}","templated":true}]}}