{"id":39987,"date":"2023-05-01T12:01:45","date_gmt":"2023-05-01T18:01:45","guid":{"rendered":"https:\/\/encuentroinformativo.com.mx\/?p=39987"},"modified":"2023-05-01T12:01:48","modified_gmt":"2023-05-01T18:01:48","slug":"aumento-salarial-no-compensa-la-inflacion-croc","status":"publish","type":"post","link":"https:\/\/encuentroinformativo.com.mx\/?p=39987","title":{"rendered":"Aumento salarial no compensa la inflaci\u00f3n: CROC"},"content":{"rendered":"\n<p><strong>Dar\u00edo Pale <\/strong><\/p>\n\n\n\n<p>Xalapa, Ver.- Tomas Tejeda Mart\u00ednez representante estatal de la CROC dio a conocer que de nada sirve el incremento del 20 por ciento si la inflaci\u00f3n es de 60 por ciento por lo que el reclamo de la clase trabajadora es el freno a la inflaci\u00f3n.<\/p>\n\n\n\n<p>En entrevista, al desfile conmemorativo del D\u00eda del Trabajo, resalt\u00f3 que de nada sirve que se haya aumentado en un 20 por ciento el salario si la inflaci\u00f3n est\u00e1 en un 60 por ciento.<\/p>\n\n\n\n<p>&#8220;De nada sirve que nos aumenten un 20 por ciento cuando la inflaci\u00f3n anda en un 60 por ciento, eso b\u00e1sicamente lo que m\u00e1s pedimos&#8221;, se\u00f1al\u00f3.<\/p>\n\n\n\n<p>El l\u00edder gremial dijo que le pedir\u00eda al Ejecutivo del Estado que haya mayor n\u00famero de fuentes de empleo, ahora que se est\u00e1 reactivando la industria de la construcci\u00f3n y el transporte.<\/p>\n\n\n\n<p>En otro tema, esquiv\u00f3 hablar sobre las situaciones de inseguridad que viven diariamente los diferentes sectores, sobre todo el del transporte por ser v\u00edctimas de robos, de asaltos, de privaciones ilegales, entre otros.<\/p>\n\n\n\n<p>Finalmente se\u00f1al\u00f3, &#8220;yo le puedo hablar de los trabajadores, de beneficiar a los trabajadores, esa pregunta le suplico que se la haga a las autoridades competentes, me tengo que meter&#8221;.<\/p>\n","protected":false},"excerpt":{"rendered":"<p>Dar\u00edo Pale Xalapa, Ver.- Tomas Tejeda Mart\u00ednez representante estatal de la CROC dio a conocer que de nada sirve el incremento del 20 por ciento si la inflaci\u00f3n es de 60 por ciento por lo que el reclamo de la clase trabajadora es el freno a la inflaci\u00f3n. En entrevista, al desfile conmemorativo del D\u00eda [&hellip;]<\/p>\n","protected":false},"author":2476,"featured_media":39988,"comment_status":"open","ping_status":"open","sticky":false,"template":"","format":"standard","meta":{"_jetpack_memberships_contains_paid_content":false,"footnotes":""},"categories":[2],"tags":[],"class_list":["post-39987","post","type-post","status-publish","format-standard","has-post-thumbnail","hentry","category-estado"],"jetpack_featured_media_url":"https:\/\/encuentroinformativo.com.mx\/wp-content\/uploads\/2023\/05\/IMG-20230501-WA0030.jpg","jetpack_sharing_enabled":true,"jetpack_likes_enabled":true,"amp_enabled":true,"_links":{"self":[{"href":"https:\/\/encuentroinformativo.com.mx\/index.php?rest_route=\/wp\/v2\/posts\/39987","targetHints":{"allow":["GET"]}}],"collection":[{"href":"https:\/\/encuentroinformativo.com.mx\/index.php?rest_route=\/wp\/v2\/posts"}],"about":[{"href":"https:\/\/encuentroinformativo.com.mx\/index.php?rest_route=\/wp\/v2\/types\/post"}],"author":[{"embeddable":true,"href":"https:\/\/encuentroinformativo.com.mx\/index.php?rest_route=\/wp\/v2\/users\/2476"}],"replies":[{"embeddable":true,"href":"https:\/\/encuentroinformativo.com.mx\/index.php?rest_route=%2Fwp%2Fv2%2Fcomments&post=39987"}],"version-history":[{"count":1,"href":"https:\/\/encuentroinformativo.com.mx\/index.php?rest_route=\/wp\/v2\/posts\/39987\/revisions"}],"predecessor-version":[{"id":39989,"href":"https:\/\/encuentroinformativo.com.mx\/index.php?rest_route=\/wp\/v2\/posts\/39987\/revisions\/39989"}],"wp:featuredmedia":[{"embeddable":true,"href":"https:\/\/encuentroinformativo.com.mx\/index.php?rest_route=\/wp\/v2\/media\/39988"}],"wp:attachment":[{"href":"https:\/\/encuentroinformativo.com.mx\/index.php?rest_route=%2Fwp%2Fv2%2Fmedia&parent=39987"}],"wp:term":[{"taxonomy":"category","embeddable":true,"href":"https:\/\/encuentroinformativo.com.mx\/index.php?rest_route=%2Fwp%2Fv2%2Fcategories&post=39987"},{"taxonomy":"post_tag","embeddable":true,"href":"https:\/\/encuentroinformativo.com.mx\/index.php?rest_route=%2Fwp%2Fv2%2Ftags&post=39987"}],"curies":[{"name":"wp","href":"https:\/\/api.w.org\/{rel}","templated":true}]}}