{"id":39993,"date":"2023-05-01T12:12:23","date_gmt":"2023-05-01T18:12:23","guid":{"rendered":"https:\/\/encuentroinformativo.com.mx\/?p=39993"},"modified":"2023-05-01T12:12:27","modified_gmt":"2023-05-01T18:12:27","slug":"piden-a-uv-destinar-recursos-para-grupos-artisticos","status":"publish","type":"post","link":"https:\/\/encuentroinformativo.com.mx\/?p=39993","title":{"rendered":"Piden a UV destinar recursos para grupos art\u00edsticos"},"content":{"rendered":"\n<p><strong>Dar\u00edo Pale <\/strong><\/p>\n\n\n\n<p>Xalapa, Ver.- La UV debe destinar recursos para resolver la problem\u00e1tica de los grupos art\u00edsticos, a pesar de que en t\u00e9rminos generales los agremiados al Sindicato Estatal del Personal Acad\u00e9mico de la Universidad Veracruzana (Fesapauv) gozan de buenas condiciones laborales, as\u00ed lo se\u00f1al\u00f3 el secretario general Enrique Levet Gorozpe.<\/p>\n\n\n\n<p>En entrevista previa al desfile del D\u00eda del Trabajo, consider\u00f3 que la Casa de Estudios tendr\u00e1 que destinar recursos de su presupuesto para que los grupos art\u00edsticos tengan mejores condiciones para hacer su trabajo.<\/p>\n\n\n\n<p>Y es que hay que recordar, los grupos art\u00edsticos se manifestaron en la rector\u00eda de la Casa de Estudios para exponer las malas condiciones en las que se encuentran, aunque afirm\u00f3 que si bien, en t\u00e9rminos generales, de manera laboral los trabajadores de la Casa de Estudios est\u00e1n bien.<\/p>\n\n\n\n<p>Sin embargo, dijo que es necesario mejorar las condiciones de todos los trabajadores de los grupos art\u00edsticos.<\/p>\n\n\n\n<p>&#8220;Hay que revisar y que formular algunas formas de ayudarlos para que mejoren sus actividades acad\u00e9micas, como es el caso de los artistas, aquellos que no tienen las condiciones para hacer sus ensayos y sus trabajos previos a las actuaciones&#8221;, se\u00f1al\u00f3.<\/p>\n\n\n\n<p>Por ello, dijo que esa situaci\u00f3n se est\u00e1 revisando con la Universidad, ya que no representa un costo importante.<\/p>\n\n\n\n<p>&#8220;La Universidad tendr\u00e1 que juzgar que de su presupuesto de egresos pudiera disponer de algunos recursos para poder resolver este problema de manera definitiva&#8221;, coment\u00f3.<\/p>\n\n\n\n<p>Levet Gorozpe manifest\u00f3 que en t\u00e9rminos generales los agremiados a Fesapauv cuentan con buenas condiciones generales de trabajo gracias al amparo del Contrato Colectivo de Trabajo que es el que garantiza que se les den sus salarios y prestaciones.<\/p>\n\n\n\n<p>Afirm\u00f3 que incluso hay entusiasmo en la Universidad porque todos saben que es una instituci\u00f3n que representa mucho desde el punto de vista social y que prepara a los j\u00f3venes para los retos de la vida.<\/p>\n\n\n\n<p>&#8220;Y por otro lado, la Universidad Veracruzana hemos considerado que es un buen patr\u00f3n&#8221;, finaliz\u00f3.<\/p>\n","protected":false},"excerpt":{"rendered":"<p>Dar\u00edo Pale Xalapa, Ver.- La UV debe destinar recursos para resolver la problem\u00e1tica de los grupos art\u00edsticos, a pesar de que en t\u00e9rminos generales los agremiados al Sindicato Estatal del Personal Acad\u00e9mico de la Universidad Veracruzana (Fesapauv) gozan de buenas condiciones laborales, as\u00ed lo se\u00f1al\u00f3 el secretario general Enrique Levet Gorozpe. En entrevista previa al [&hellip;]<\/p>\n","protected":false},"author":2476,"featured_media":39994,"comment_status":"open","ping_status":"open","sticky":false,"template":"","format":"standard","meta":{"_jetpack_memberships_contains_paid_content":false,"footnotes":""},"categories":[2],"tags":[],"class_list":["post-39993","post","type-post","status-publish","format-standard","has-post-thumbnail","hentry","category-estado"],"jetpack_featured_media_url":"https:\/\/encuentroinformativo.com.mx\/wp-content\/uploads\/2023\/05\/IMG-20230501-WA0062.jpg","jetpack_sharing_enabled":true,"jetpack_likes_enabled":true,"amp_enabled":true,"_links":{"self":[{"href":"https:\/\/encuentroinformativo.com.mx\/index.php?rest_route=\/wp\/v2\/posts\/39993","targetHints":{"allow":["GET"]}}],"collection":[{"href":"https:\/\/encuentroinformativo.com.mx\/index.php?rest_route=\/wp\/v2\/posts"}],"about":[{"href":"https:\/\/encuentroinformativo.com.mx\/index.php?rest_route=\/wp\/v2\/types\/post"}],"author":[{"embeddable":true,"href":"https:\/\/encuentroinformativo.com.mx\/index.php?rest_route=\/wp\/v2\/users\/2476"}],"replies":[{"embeddable":true,"href":"https:\/\/encuentroinformativo.com.mx\/index.php?rest_route=%2Fwp%2Fv2%2Fcomments&post=39993"}],"version-history":[{"count":1,"href":"https:\/\/encuentroinformativo.com.mx\/index.php?rest_route=\/wp\/v2\/posts\/39993\/revisions"}],"predecessor-version":[{"id":39995,"href":"https:\/\/encuentroinformativo.com.mx\/index.php?rest_route=\/wp\/v2\/posts\/39993\/revisions\/39995"}],"wp:featuredmedia":[{"embeddable":true,"href":"https:\/\/encuentroinformativo.com.mx\/index.php?rest_route=\/wp\/v2\/media\/39994"}],"wp:attachment":[{"href":"https:\/\/encuentroinformativo.com.mx\/index.php?rest_route=%2Fwp%2Fv2%2Fmedia&parent=39993"}],"wp:term":[{"taxonomy":"category","embeddable":true,"href":"https:\/\/encuentroinformativo.com.mx\/index.php?rest_route=%2Fwp%2Fv2%2Fcategories&post=39993"},{"taxonomy":"post_tag","embeddable":true,"href":"https:\/\/encuentroinformativo.com.mx\/index.php?rest_route=%2Fwp%2Fv2%2Ftags&post=39993"}],"curies":[{"name":"wp","href":"https:\/\/api.w.org\/{rel}","templated":true}]}}