{"id":39999,"date":"2023-05-01T12:21:30","date_gmt":"2023-05-01T18:21:30","guid":{"rendered":"https:\/\/encuentroinformativo.com.mx\/?p=39999"},"modified":"2023-05-01T12:21:34","modified_gmt":"2023-05-01T18:21:34","slug":"veracruz-forma-parte-del-tren-maya-afirma-sedecop","status":"publish","type":"post","link":"https:\/\/encuentroinformativo.com.mx\/?p=39999","title":{"rendered":"Veracruz forma parte del Tren Maya, afirma SEDECOP"},"content":{"rendered":"\n<p><strong>Dar\u00edo Pale <\/strong><\/p>\n\n\n\n<p>Xalapa, Ver.- El Tren Maya s\u00ed se conectar\u00e1 con Istmo de Tehuantepec, adem\u00e1s de que est\u00e1n buscando que sean algunas empresas de la industria automotriz las que inviertan en el estado, as\u00ed lo afirm\u00f3 el titular de la Secretar\u00eda de Desarrollo Econ\u00f3mico y Portuario, Enrique Nach\u00f3n Garc\u00eda.<\/p>\n\n\n\n<p>Entrevistado previo al desfile del 1 de mayo se\u00f1al\u00f3 que, luego de que el canciller mexicano Marcelo Ebrard anunciara que habr\u00e1 grandes inversiones para Veracruz, expuso que hasta el momento no tiene conocimiento sobre qu\u00e9 empresas pudieran asentarse, pero que est\u00e1n buscando que estas sean algunas de la industria automotriz.<\/p>\n\n\n\n<p>Recordo que por el puerto de Veracruz se importa y exporta la mayor cantidad de veh\u00edculos en M\u00e9xico, de ah\u00ed la importancia de poder sacar provecho a dicho sector.<\/p>\n\n\n\n<p>Admiti\u00f3 que Veracruz tendr\u00eda la facilidad de poder tener empresas como ensambladoras de autos en el sur de Veracruz, y que ante la cercan\u00eda del puerto, abarata costos para las empresas.<\/p>\n\n\n\n<p>En ese sentido, garantiz\u00f3 que la administraci\u00f3n brindar\u00e1 todas las facilidades de tr\u00e1mites a todas aquellas empresas interesadas en invertir en los parques industriales del corredor interoce\u00e1nico, aunado a ello que el gobierno federal brindar\u00e1 facilidades de tipo fiscal.<\/p>\n\n\n\n<p>En otro orden de ideas en lo que se refiere al Tren Maya puntualiz\u00f3 que se conectar\u00e1 en particular con el corredor interoce\u00e1nico del Istmo de Tehuantepec, y precis\u00f3 que no s\u00f3lo habr\u00e1 l\u00ednea de transporte de carga, sino tambi\u00e9n de pasajeros, de acuerdo al proyecto previsto.<\/p>\n\n\n\n<p>En ese sentido, destac\u00f3 que Veracruz ser\u00e1 parte del proyecto del Tren Maya, lo que sin duda permitir\u00e1 atraer inversiones en distintas materias.<\/p>\n\n\n\n<p>Nach\u00f3n Garc\u00eda coment\u00f3 que por parte de las autoridades federales se ha confirmado la conexi\u00f3n que tendr\u00e1 el Tren Maya con el Istmo de Tehuantepec, lo que implica que las l\u00edneas no s\u00f3lo ser\u00e1n de carga, sino tambi\u00e9n de pasajeros.<\/p>\n\n\n\n<p>Finalmente dijo que se espera que en las pr\u00f3xima semanas se liciten los primeros parques industriales a lo largo del corredor interoce\u00e1nico.<\/p>\n","protected":false},"excerpt":{"rendered":"<p>Dar\u00edo Pale Xalapa, Ver.- El Tren Maya s\u00ed se conectar\u00e1 con Istmo de Tehuantepec, adem\u00e1s de que est\u00e1n buscando que sean algunas empresas de la industria automotriz las que inviertan en el estado, as\u00ed lo afirm\u00f3 el titular de la Secretar\u00eda de Desarrollo Econ\u00f3mico y Portuario, Enrique Nach\u00f3n Garc\u00eda. Entrevistado previo al desfile del 1 [&hellip;]<\/p>\n","protected":false},"author":2476,"featured_media":40000,"comment_status":"open","ping_status":"open","sticky":false,"template":"","format":"standard","meta":{"_jetpack_memberships_contains_paid_content":false,"footnotes":""},"categories":[2],"tags":[],"class_list":["post-39999","post","type-post","status-publish","format-standard","has-post-thumbnail","hentry","category-estado"],"jetpack_featured_media_url":"https:\/\/encuentroinformativo.com.mx\/wp-content\/uploads\/2023\/05\/IMG-20230501-WA0104.jpg","jetpack_sharing_enabled":true,"jetpack_likes_enabled":true,"amp_enabled":true,"_links":{"self":[{"href":"https:\/\/encuentroinformativo.com.mx\/index.php?rest_route=\/wp\/v2\/posts\/39999","targetHints":{"allow":["GET"]}}],"collection":[{"href":"https:\/\/encuentroinformativo.com.mx\/index.php?rest_route=\/wp\/v2\/posts"}],"about":[{"href":"https:\/\/encuentroinformativo.com.mx\/index.php?rest_route=\/wp\/v2\/types\/post"}],"author":[{"embeddable":true,"href":"https:\/\/encuentroinformativo.com.mx\/index.php?rest_route=\/wp\/v2\/users\/2476"}],"replies":[{"embeddable":true,"href":"https:\/\/encuentroinformativo.com.mx\/index.php?rest_route=%2Fwp%2Fv2%2Fcomments&post=39999"}],"version-history":[{"count":1,"href":"https:\/\/encuentroinformativo.com.mx\/index.php?rest_route=\/wp\/v2\/posts\/39999\/revisions"}],"predecessor-version":[{"id":40001,"href":"https:\/\/encuentroinformativo.com.mx\/index.php?rest_route=\/wp\/v2\/posts\/39999\/revisions\/40001"}],"wp:featuredmedia":[{"embeddable":true,"href":"https:\/\/encuentroinformativo.com.mx\/index.php?rest_route=\/wp\/v2\/media\/40000"}],"wp:attachment":[{"href":"https:\/\/encuentroinformativo.com.mx\/index.php?rest_route=%2Fwp%2Fv2%2Fmedia&parent=39999"}],"wp:term":[{"taxonomy":"category","embeddable":true,"href":"https:\/\/encuentroinformativo.com.mx\/index.php?rest_route=%2Fwp%2Fv2%2Fcategories&post=39999"},{"taxonomy":"post_tag","embeddable":true,"href":"https:\/\/encuentroinformativo.com.mx\/index.php?rest_route=%2Fwp%2Fv2%2Ftags&post=39999"}],"curies":[{"name":"wp","href":"https:\/\/api.w.org\/{rel}","templated":true}]}}