{"id":4000,"date":"2020-07-10T12:36:14","date_gmt":"2020-07-10T17:36:14","guid":{"rendered":"https:\/\/encuentroinformativo.com\/?p=4000"},"modified":"2020-07-10T12:36:16","modified_gmt":"2020-07-10T17:36:16","slug":"raymundo-leon-apasionado-de-las-letras","status":"publish","type":"post","link":"https:\/\/encuentroinformativo.com.mx\/?p=4000","title":{"rendered":"Raymundo Le\u00f3n, apasionado de las letras"},"content":{"rendered":"\n<p><strong>Juan Arcos <\/strong><\/p>\n\n\n\n<p>Xalapa, Ver.- El periodista Raymundo Le\u00f3n Mart\u00ednez muri\u00f3 la noche del jueves en la capital del estado, debido a complicaciones en su salud.<\/p>\n\n\n\n<p>Sus compa\u00f1eros lo recuerdan como un apasionado de las letras que siempre estaba dispuesto a ayudar a las nuevas generaciones de periodistas.<\/p>\n\n\n\n<p>El reportero recientemente trabajaba para un medio digital en la capital del estado.<\/p>\n\n\n\n<p>Su compa\u00f1ero Oswaldo Ceballos Fornaguera confirm\u00f3 que Le\u00f3n Mart\u00ednez falleci\u00f3 por cuestiones de salud y aclar\u00f3 que la tragedia no fue por COVID-19.<\/p>\n\n\n\n<p>\u201cPor favor, hay que aclararlo y que no se suelte ning\u00fan rumor, nada que ver con la situaci\u00f3n actual (pandemia), \u00e9l ten\u00eda algunas complicaciones de salud en los \u00faltimos d\u00edas\u201d.\u00a0<\/p>\n\n\n\n<p>Su equipo de trabajo y la direcci\u00f3n general del medio electr\u00f3nico se comprometieron a hacer lo posible para apoyar a la familia.<\/p>\n\n\n\n<p>\u201cSe le pide de la manera m\u00e1s atenta al gremio period\u00edstico del estado de Veracruz y a aquellas personas que puedan hacerlo para poder apoyar a los servicios funerarios de nuestro amigo Raymundo Le\u00f3n\u201d.<\/p>\n\n\n\n<p>Raymundo Le\u00f3n trabaj\u00f3 durante m\u00e1s de 30 a\u00f1os en el Diario de Xalapa. Estudi\u00f3 en la Facultad de Letras de la Universidad Veracruzana (UV), mientras laboraba en dicho peri\u00f3dico.<\/p>\n\n\n\n<p>Tambi\u00e9n incursi\u00f3n en la docencia. Fue maestro de varias generaciones en la Escuela Morelos y en la Universidad de Xalapa (UX), donde comparti\u00f3 su experiencia y conocimientos a nuevas reporteras y reporteros.<\/p>\n\n\n\n<p>Su partida caus\u00f3 dolor y consternaci\u00f3n en el gremio period\u00edstico, pero sobre todo a su esposa y sus dos hijos.<\/p>\n\n\n\n<p>Sus familiares y amigos velar\u00e1n a Le\u00f3n Mart\u00ednez en las instalaciones del Velatorio del DIF Municipal de Xalapa.<\/p>\n\n\n\n<p><\/p>\n","protected":false},"excerpt":{"rendered":"<p>Juan Arcos Xalapa, Ver.- El periodista Raymundo Le\u00f3n Mart\u00ednez muri\u00f3 la noche del jueves en la capital del estado, debido a complicaciones en su salud. Sus compa\u00f1eros lo recuerdan como un apasionado de las letras que siempre estaba dispuesto a ayudar a las nuevas generaciones de periodistas. El reportero recientemente trabajaba para un medio digital [&hellip;]<\/p>\n","protected":false},"author":1,"featured_media":4001,"comment_status":"open","ping_status":"open","sticky":false,"template":"","format":"standard","meta":{"_jetpack_memberships_contains_paid_content":false,"footnotes":""},"categories":[3],"tags":[],"class_list":["post-4000","post","type-post","status-publish","format-standard","has-post-thumbnail","hentry","category-xalapa"],"jetpack_featured_media_url":"https:\/\/encuentroinformativo.com.mx\/wp-content\/uploads\/2020\/07\/D678E166-EC98-4345-89E5-9B751AB09F04.jpeg","jetpack_sharing_enabled":true,"jetpack_likes_enabled":true,"amp_enabled":true,"_links":{"self":[{"href":"https:\/\/encuentroinformativo.com.mx\/index.php?rest_route=\/wp\/v2\/posts\/4000","targetHints":{"allow":["GET"]}}],"collection":[{"href":"https:\/\/encuentroinformativo.com.mx\/index.php?rest_route=\/wp\/v2\/posts"}],"about":[{"href":"https:\/\/encuentroinformativo.com.mx\/index.php?rest_route=\/wp\/v2\/types\/post"}],"author":[{"embeddable":true,"href":"https:\/\/encuentroinformativo.com.mx\/index.php?rest_route=\/wp\/v2\/users\/1"}],"replies":[{"embeddable":true,"href":"https:\/\/encuentroinformativo.com.mx\/index.php?rest_route=%2Fwp%2Fv2%2Fcomments&post=4000"}],"version-history":[{"count":1,"href":"https:\/\/encuentroinformativo.com.mx\/index.php?rest_route=\/wp\/v2\/posts\/4000\/revisions"}],"predecessor-version":[{"id":4002,"href":"https:\/\/encuentroinformativo.com.mx\/index.php?rest_route=\/wp\/v2\/posts\/4000\/revisions\/4002"}],"wp:featuredmedia":[{"embeddable":true,"href":"https:\/\/encuentroinformativo.com.mx\/index.php?rest_route=\/wp\/v2\/media\/4001"}],"wp:attachment":[{"href":"https:\/\/encuentroinformativo.com.mx\/index.php?rest_route=%2Fwp%2Fv2%2Fmedia&parent=4000"}],"wp:term":[{"taxonomy":"category","embeddable":true,"href":"https:\/\/encuentroinformativo.com.mx\/index.php?rest_route=%2Fwp%2Fv2%2Fcategories&post=4000"},{"taxonomy":"post_tag","embeddable":true,"href":"https:\/\/encuentroinformativo.com.mx\/index.php?rest_route=%2Fwp%2Fv2%2Ftags&post=4000"}],"curies":[{"name":"wp","href":"https:\/\/api.w.org\/{rel}","templated":true}]}}