{"id":40002,"date":"2023-05-01T12:27:07","date_gmt":"2023-05-01T18:27:07","guid":{"rendered":"https:\/\/encuentroinformativo.com.mx\/?p=40002"},"modified":"2023-05-01T12:27:11","modified_gmt":"2023-05-01T18:27:11","slug":"amplian-plazo-para-pago-de-derechos-vehiculares-confirma-finanzas","status":"publish","type":"post","link":"https:\/\/encuentroinformativo.com.mx\/?p=40002","title":{"rendered":"Ampl\u00edan plazo para pago de derechos vehiculares, confirma Finanzas"},"content":{"rendered":"\n<p><strong>Dar\u00edo Pale <\/strong><\/p>\n\n\n\n<p>Xalapa, Ver.- Hay una \u00a1Nueva oportunidad! Se ampl\u00eda plazo para pago de derecho vehiculares, ser\u00e1 hasta 30 de junio, adem\u00e1s se debe revisar viabilidad para basificaci\u00f3n de trabajadores, as\u00ed lo inform\u00f3 el Secretario de Finanzas y Planeaci\u00f3n (SEFIPLAN), Jos\u00e9 Luis Lima Franco.<\/p>\n\n\n\n<p>En entrevista confirm\u00f3 que se emiti\u00f3 un nuevo decreto por parte del Ejecutivo del Estado por el que se ampl\u00eda el plazo para el pago de los derechos de control vehicular anual del ejercicio fiscal 2023.<\/p>\n\n\n\n<p>&#8220;Es simplemente ampliar, no tiene que ver con el tema del canje de placas, es simplemente que puedan aprovechar este beneficio fiscal y tambi\u00e9n que puedan participar en el concurso&#8221;, se\u00f1al\u00f3.<\/p>\n\n\n\n<p>El funcionario subray\u00f3 que al momento llevar\u00e1n un 80 por ciento del padr\u00f3n vehicular que han aprovechado los beneficios &#8220;va muy bien&#8221;.<\/p>\n\n\n\n<p>Hay que recordar que este fin de semana se emiti\u00f3 un nuevo decreto para las personas f\u00edsicas o morales, inscritas en el Registro Estatal de Contribuyentes en Materia Vehicular del Servicio Privado hasta el 30 de junio de 2023, a fin de que los propietarios de vehiculos obtengan el subsidio del Impuesto Estatal sobre Tenencia o Uso de Veh\u00edculos.<\/p>\n\n\n\n<p>En otro orden de ideas en lo que se refiere a los trabajadores, el funcionario explic\u00f3 que se debe revisar la incorporaci\u00f3n de m\u00e1s de 5 mil trabajadores para que puedan tener una base.<\/p>\n\n\n\n<p>Finalmente dio a conocer que, &#8220;habr\u00eda que revisarse, lo que s\u00ed es que podemos decir que hemos cumplido en tiempo y forma, repito, cada a\u00f1o ministrando cerca de 3 mil 200 millones de pesos de subsidio para garantizar las pensiones y las jubilaciones&#8221;.<\/p>\n","protected":false},"excerpt":{"rendered":"<p>Dar\u00edo Pale Xalapa, Ver.- Hay una \u00a1Nueva oportunidad! Se ampl\u00eda plazo para pago de derecho vehiculares, ser\u00e1 hasta 30 de junio, adem\u00e1s se debe revisar viabilidad para basificaci\u00f3n de trabajadores, as\u00ed lo inform\u00f3 el Secretario de Finanzas y Planeaci\u00f3n (SEFIPLAN), Jos\u00e9 Luis Lima Franco. En entrevista confirm\u00f3 que se emiti\u00f3 un nuevo decreto por parte [&hellip;]<\/p>\n","protected":false},"author":2476,"featured_media":40003,"comment_status":"open","ping_status":"open","sticky":false,"template":"","format":"standard","meta":{"_jetpack_memberships_contains_paid_content":false,"footnotes":""},"categories":[2],"tags":[],"class_list":["post-40002","post","type-post","status-publish","format-standard","has-post-thumbnail","hentry","category-estado"],"jetpack_featured_media_url":"https:\/\/encuentroinformativo.com.mx\/wp-content\/uploads\/2023\/05\/IMG-20230501-WA01092.jpg","jetpack_sharing_enabled":true,"jetpack_likes_enabled":true,"amp_enabled":true,"_links":{"self":[{"href":"https:\/\/encuentroinformativo.com.mx\/index.php?rest_route=\/wp\/v2\/posts\/40002","targetHints":{"allow":["GET"]}}],"collection":[{"href":"https:\/\/encuentroinformativo.com.mx\/index.php?rest_route=\/wp\/v2\/posts"}],"about":[{"href":"https:\/\/encuentroinformativo.com.mx\/index.php?rest_route=\/wp\/v2\/types\/post"}],"author":[{"embeddable":true,"href":"https:\/\/encuentroinformativo.com.mx\/index.php?rest_route=\/wp\/v2\/users\/2476"}],"replies":[{"embeddable":true,"href":"https:\/\/encuentroinformativo.com.mx\/index.php?rest_route=%2Fwp%2Fv2%2Fcomments&post=40002"}],"version-history":[{"count":1,"href":"https:\/\/encuentroinformativo.com.mx\/index.php?rest_route=\/wp\/v2\/posts\/40002\/revisions"}],"predecessor-version":[{"id":40004,"href":"https:\/\/encuentroinformativo.com.mx\/index.php?rest_route=\/wp\/v2\/posts\/40002\/revisions\/40004"}],"wp:featuredmedia":[{"embeddable":true,"href":"https:\/\/encuentroinformativo.com.mx\/index.php?rest_route=\/wp\/v2\/media\/40003"}],"wp:attachment":[{"href":"https:\/\/encuentroinformativo.com.mx\/index.php?rest_route=%2Fwp%2Fv2%2Fmedia&parent=40002"}],"wp:term":[{"taxonomy":"category","embeddable":true,"href":"https:\/\/encuentroinformativo.com.mx\/index.php?rest_route=%2Fwp%2Fv2%2Fcategories&post=40002"},{"taxonomy":"post_tag","embeddable":true,"href":"https:\/\/encuentroinformativo.com.mx\/index.php?rest_route=%2Fwp%2Fv2%2Ftags&post=40002"}],"curies":[{"name":"wp","href":"https:\/\/api.w.org\/{rel}","templated":true}]}}