{"id":40023,"date":"2023-05-01T14:48:46","date_gmt":"2023-05-01T20:48:46","guid":{"rendered":"https:\/\/encuentroinformativo.com.mx\/?p=40023"},"modified":"2023-05-01T14:48:50","modified_gmt":"2023-05-01T20:48:50","slug":"reforzaran-actividades-para-prevenir-violencia-familiar-ssp","status":"publish","type":"post","link":"https:\/\/encuentroinformativo.com.mx\/?p=40023","title":{"rendered":"Reforzar\u00e1n actividades para prevenir violencia familiar: SSP"},"content":{"rendered":"\n<p><strong>Alejandro Rosas <\/strong><\/p>\n\n\n\n<p>Xalapa, Ver.- Eleazar Guerrero Barrera director general de Vinculaci\u00f3n Institucional de la Secretar\u00eda de Seguridad P\u00fablica (SSP) dio a conocer que reforzar\u00e1n las actividades enfocadas a la prevenci\u00f3n de la violencia familiar.<\/p>\n\n\n\n<p>En entrevista el funcionario estatal record\u00f3 que con motivo de la celebraci\u00f3n del D\u00eda del Ni\u00f1o se efectuaron actividades en distintos municipios del estado, y las cuales continuar\u00e1n en los pr\u00f3ximos d\u00edas. <\/p>\n\n\n\n<p>&#8220;Vamos a aprovechar todo el tema familiar, recordemos que se junta el D\u00eda del Ni\u00f1o con el D\u00eda de la Madre, entonces vamos hacer actividades que est\u00e9n muy enfocadas al tema de la familia, de la prevenci\u00f3n de la violencia familiar&#8221;.<\/p>\n\n\n\n<p>De la comunicaci\u00f3n, dijo, de las herramientas con las que cuenta el Gobierno del Estado, en materia de proteger a la familia como la l\u00ednea 070, la mesa interinstitucional contra la violencia familiar y al mismo tiempo vamos a seguir con el apoyo a los ni\u00f1os para que sepan c\u00f3mo defender sus derechos. <\/p>\n\n\n\n<p>Guerrero Barrera record\u00f3 que algunos de los municipios donde han efectuado actividades son Poza Rica, Minatitl\u00e1n, Coatzacoalcos, entre otros.<\/p>\n\n\n\n<p><\/p>\n","protected":false},"excerpt":{"rendered":"<p>Alejandro Rosas Xalapa, Ver.- Eleazar Guerrero Barrera director general de Vinculaci\u00f3n Institucional de la Secretar\u00eda de Seguridad P\u00fablica (SSP) dio a conocer que reforzar\u00e1n las actividades enfocadas a la prevenci\u00f3n de la violencia familiar. En entrevista el funcionario estatal record\u00f3 que con motivo de la celebraci\u00f3n del D\u00eda del Ni\u00f1o se efectuaron actividades en distintos [&hellip;]<\/p>\n","protected":false},"author":2476,"featured_media":40024,"comment_status":"open","ping_status":"open","sticky":false,"template":"","format":"standard","meta":{"_jetpack_memberships_contains_paid_content":false,"footnotes":""},"categories":[2],"tags":[],"class_list":["post-40023","post","type-post","status-publish","format-standard","has-post-thumbnail","hentry","category-estado"],"jetpack_featured_media_url":"https:\/\/encuentroinformativo.com.mx\/wp-content\/uploads\/2023\/05\/IMG-20230501-WA01402.jpg","jetpack_sharing_enabled":true,"jetpack_likes_enabled":true,"amp_enabled":true,"_links":{"self":[{"href":"https:\/\/encuentroinformativo.com.mx\/index.php?rest_route=\/wp\/v2\/posts\/40023","targetHints":{"allow":["GET"]}}],"collection":[{"href":"https:\/\/encuentroinformativo.com.mx\/index.php?rest_route=\/wp\/v2\/posts"}],"about":[{"href":"https:\/\/encuentroinformativo.com.mx\/index.php?rest_route=\/wp\/v2\/types\/post"}],"author":[{"embeddable":true,"href":"https:\/\/encuentroinformativo.com.mx\/index.php?rest_route=\/wp\/v2\/users\/2476"}],"replies":[{"embeddable":true,"href":"https:\/\/encuentroinformativo.com.mx\/index.php?rest_route=%2Fwp%2Fv2%2Fcomments&post=40023"}],"version-history":[{"count":1,"href":"https:\/\/encuentroinformativo.com.mx\/index.php?rest_route=\/wp\/v2\/posts\/40023\/revisions"}],"predecessor-version":[{"id":40025,"href":"https:\/\/encuentroinformativo.com.mx\/index.php?rest_route=\/wp\/v2\/posts\/40023\/revisions\/40025"}],"wp:featuredmedia":[{"embeddable":true,"href":"https:\/\/encuentroinformativo.com.mx\/index.php?rest_route=\/wp\/v2\/media\/40024"}],"wp:attachment":[{"href":"https:\/\/encuentroinformativo.com.mx\/index.php?rest_route=%2Fwp%2Fv2%2Fmedia&parent=40023"}],"wp:term":[{"taxonomy":"category","embeddable":true,"href":"https:\/\/encuentroinformativo.com.mx\/index.php?rest_route=%2Fwp%2Fv2%2Fcategories&post=40023"},{"taxonomy":"post_tag","embeddable":true,"href":"https:\/\/encuentroinformativo.com.mx\/index.php?rest_route=%2Fwp%2Fv2%2Ftags&post=40023"}],"curies":[{"name":"wp","href":"https:\/\/api.w.org\/{rel}","templated":true}]}}