{"id":40030,"date":"2023-05-01T15:20:00","date_gmt":"2023-05-01T21:20:00","guid":{"rendered":"https:\/\/encuentroinformativo.com.mx\/?p=40030"},"modified":"2023-05-01T15:20:05","modified_gmt":"2023-05-01T21:20:05","slug":"solicitan-taxistas-mayor-seguridad-en-zona-conurbada","status":"publish","type":"post","link":"https:\/\/encuentroinformativo.com.mx\/?p=40030","title":{"rendered":"Solicitan taxistas mayor seguridad en zona conurbada"},"content":{"rendered":"\n<p><strong>Alejandro \u00c1vila<\/strong><\/p>\n\n\n\n<p>Veracruz, Ver.- En los \u00faltimos 13 a\u00f1os, 500 taxistas han perdido la vida en la zona conurbada Veracruz &#8211; Boca del R\u00edo, debido a la inseguridad que impera en estos municipios, asegur\u00f3 el representante de SERTACAVER, Juan Manuel Araujo.<\/p>\n\n\n\n<p>Durante la conmemoraci\u00f3n del D\u00eda Internacional del Trabajo, el l\u00edder taxista tom\u00f3 el micr\u00f3fono y se dirigi\u00f3 ante el presidium para exponer la vulnerabilidad en que viven los trabajadores del volante.<\/p>\n\n\n\n<p>&#8220;Al d\u00eda de hoy, desde el 2010 al a\u00f1o 2023, son 500 taxistas los que han perdido la vida arriba de un volante, la inseguridad que nos aqueja, es una inseguridad que impacta, que preocupa y que sufrimos todos los d\u00edas. El gremio del taxi constantemente, cada mes para ser exactos, tenemos reuniones en las cuales nos preguntamos y nos decimos, \u00bfcu\u00e1ntos compa\u00f1eros al d\u00eda son asaltados?, quiero que sepan que son 10 o 15 diarios, los que est\u00e1n siendo asaltados. Tambi\u00e9n quiero que sepan que la mayor\u00eda, si bien les va, son golpeados y despojados de sus unidades, unidades que no son de ellos, que son de un propietario y que ese propietario tambi\u00e9n se ve afectado porque pierde su patrimonio&#8221;, asest\u00f3.<\/p>\n\n\n\n<p>Juan Manuel Araujo solicit\u00f3 una audiencia con los alcaldes de ambos municipios, para generar estrategias que mejoren la seguridad de los taxistas, y evitar as\u00ed que sus familias sufran cada vez que salen a laborar.<\/p>\n","protected":false},"excerpt":{"rendered":"<p>Alejandro \u00c1vila Veracruz, Ver.- En los \u00faltimos 13 a\u00f1os, 500 taxistas han perdido la vida en la zona conurbada Veracruz &#8211; Boca del R\u00edo, debido a la inseguridad que impera en estos municipios, asegur\u00f3 el representante de SERTACAVER, Juan Manuel Araujo. Durante la conmemoraci\u00f3n del D\u00eda Internacional del Trabajo, el l\u00edder taxista tom\u00f3 el micr\u00f3fono [&hellip;]<\/p>\n","protected":false},"author":2476,"featured_media":40031,"comment_status":"open","ping_status":"open","sticky":false,"template":"","format":"standard","meta":{"_jetpack_memberships_contains_paid_content":false,"footnotes":""},"categories":[2],"tags":[],"class_list":["post-40030","post","type-post","status-publish","format-standard","has-post-thumbnail","hentry","category-estado"],"jetpack_featured_media_url":"https:\/\/encuentroinformativo.com.mx\/wp-content\/uploads\/2023\/05\/IMG-20230501-WA0167.jpg","jetpack_sharing_enabled":true,"jetpack_likes_enabled":true,"amp_enabled":true,"_links":{"self":[{"href":"https:\/\/encuentroinformativo.com.mx\/index.php?rest_route=\/wp\/v2\/posts\/40030","targetHints":{"allow":["GET"]}}],"collection":[{"href":"https:\/\/encuentroinformativo.com.mx\/index.php?rest_route=\/wp\/v2\/posts"}],"about":[{"href":"https:\/\/encuentroinformativo.com.mx\/index.php?rest_route=\/wp\/v2\/types\/post"}],"author":[{"embeddable":true,"href":"https:\/\/encuentroinformativo.com.mx\/index.php?rest_route=\/wp\/v2\/users\/2476"}],"replies":[{"embeddable":true,"href":"https:\/\/encuentroinformativo.com.mx\/index.php?rest_route=%2Fwp%2Fv2%2Fcomments&post=40030"}],"version-history":[{"count":1,"href":"https:\/\/encuentroinformativo.com.mx\/index.php?rest_route=\/wp\/v2\/posts\/40030\/revisions"}],"predecessor-version":[{"id":40032,"href":"https:\/\/encuentroinformativo.com.mx\/index.php?rest_route=\/wp\/v2\/posts\/40030\/revisions\/40032"}],"wp:featuredmedia":[{"embeddable":true,"href":"https:\/\/encuentroinformativo.com.mx\/index.php?rest_route=\/wp\/v2\/media\/40031"}],"wp:attachment":[{"href":"https:\/\/encuentroinformativo.com.mx\/index.php?rest_route=%2Fwp%2Fv2%2Fmedia&parent=40030"}],"wp:term":[{"taxonomy":"category","embeddable":true,"href":"https:\/\/encuentroinformativo.com.mx\/index.php?rest_route=%2Fwp%2Fv2%2Fcategories&post=40030"},{"taxonomy":"post_tag","embeddable":true,"href":"https:\/\/encuentroinformativo.com.mx\/index.php?rest_route=%2Fwp%2Fv2%2Ftags&post=40030"}],"curies":[{"name":"wp","href":"https:\/\/api.w.org\/{rel}","templated":true}]}}