{"id":40037,"date":"2023-05-01T19:45:32","date_gmt":"2023-05-02T01:45:32","guid":{"rendered":"https:\/\/encuentroinformativo.com.mx\/?p=40037"},"modified":"2023-05-01T19:46:37","modified_gmt":"2023-05-02T01:46:37","slug":"fuerza-trabajadora-de-unidos-todos-demostro-poder-en-desfile-conmemorativo-del-1-de-mayo","status":"publish","type":"post","link":"https:\/\/encuentroinformativo.com.mx\/?p=40037","title":{"rendered":"Fuerza Trabajadora de Unidos Todos demostr\u00f3 poder en desfile conmemorativo del 1\u00b0 de Mayo"},"content":{"rendered":"\n<p>*<em>\u201c<strong>Unidos Todos\u201d, expresi\u00f3n obradorista de la Cuarta Transformaci\u00f3n, liderada por el Eleazar Guerrero P\u00e9rez, particip\u00f3 en el desfile conmemorativo del 1 de mayo, con m\u00e1s de 12 mil integrantes.<\/strong><\/em><\/p>\n\n\n\n<p>Xalapa, Ver.- Trabajadoras y trabajadores de las dependencias del Estado, este d\u00eda, participaron en el Desfile conmemorativo del d\u00eda 1 de mayo, reafirmando una vez m\u00e1s ser la fuerza pol\u00edtica m\u00e1s fuerte al servicio del Estado. Hombres y mujeres fueron congregados para ser participes de la historia que marca Unidos Todos.<\/p>\n\n\n\n<p>\u201cLa gente nos pregunta, \u00bfQui\u00e9nes son ustedes?, -Nosotros les decimos, somos Unidos Todos\u201d, son parte de las porras con las que alegremente caminan contingentes de familias y personal al servicio del Estado.<\/p>\n\n\n\n<p>Durante el recorrido, demostraron una vez m\u00e1s ser leales a convicciones que representan el \u00edmpetu, esfuerzo que realizan en cada una de sus labores para el bienestar del Estado y Pa\u00eds, demostrando que el Gobierno de la Cuarta Transformaci\u00f3n concibe logros gracias al equipo en trabajo.<\/p>\n\n\n\n<p>Unidos Todos es hoy la Fuerza que representa cada granito de arena que aportan hombres y mujeres al servicio de la ciudadan\u00eda, teniendo como ejemplo al Lic. Eleazar Guerrero P\u00e9rez, digno representante de este movimiento.<\/p>\n\n\n\n<p>El desfile culmin\u00f3 con la participaci\u00f3n de integrantes de Sindicatos, dependencias y ciudadan\u00eda en general sum\u00e1ndose al ah\u00ednco de la unidad.<\/p>\n\n\n\n<figure class=\"wp-block-image size-large\"><img loading=\"lazy\" decoding=\"async\" width=\"1024\" height=\"478\" src=\"https:\/\/encuentroinformativo.com.mx\/wp-content\/uploads\/2023\/05\/IMG-20230501-WA0118-1024x478.jpg\" alt=\"\" class=\"wp-image-40038\" srcset=\"https:\/\/encuentroinformativo.com.mx\/wp-content\/uploads\/2023\/05\/IMG-20230501-WA0118-1024x478.jpg 1024w, https:\/\/encuentroinformativo.com.mx\/wp-content\/uploads\/2023\/05\/IMG-20230501-WA0118-300x140.jpg 300w, https:\/\/encuentroinformativo.com.mx\/wp-content\/uploads\/2023\/05\/IMG-20230501-WA0118-768x358.jpg 768w, https:\/\/encuentroinformativo.com.mx\/wp-content\/uploads\/2023\/05\/IMG-20230501-WA0118.jpg 1280w\" sizes=\"auto, (max-width: 1024px) 100vw, 1024px\" \/><\/figure>\n","protected":false},"excerpt":{"rendered":"<p>*\u201cUnidos Todos\u201d, expresi\u00f3n obradorista de la Cuarta Transformaci\u00f3n, liderada por el Eleazar Guerrero P\u00e9rez, particip\u00f3 en el desfile conmemorativo del 1 de mayo, con m\u00e1s de 12 mil integrantes. Xalapa, Ver.- Trabajadoras y trabajadores de las dependencias del Estado, este d\u00eda, participaron en el Desfile conmemorativo del d\u00eda 1 de mayo, reafirmando una vez m\u00e1s [&hellip;]<\/p>\n","protected":false},"author":2476,"featured_media":40034,"comment_status":"open","ping_status":"open","sticky":false,"template":"","format":"standard","meta":{"_jetpack_memberships_contains_paid_content":false,"footnotes":""},"categories":[2],"tags":[],"class_list":["post-40037","post","type-post","status-publish","format-standard","has-post-thumbnail","hentry","category-estado"],"jetpack_featured_media_url":"https:\/\/encuentroinformativo.com.mx\/wp-content\/uploads\/2023\/05\/IMG-20230501-WA0199.jpg","jetpack_sharing_enabled":true,"jetpack_likes_enabled":true,"amp_enabled":true,"_links":{"self":[{"href":"https:\/\/encuentroinformativo.com.mx\/index.php?rest_route=\/wp\/v2\/posts\/40037","targetHints":{"allow":["GET"]}}],"collection":[{"href":"https:\/\/encuentroinformativo.com.mx\/index.php?rest_route=\/wp\/v2\/posts"}],"about":[{"href":"https:\/\/encuentroinformativo.com.mx\/index.php?rest_route=\/wp\/v2\/types\/post"}],"author":[{"embeddable":true,"href":"https:\/\/encuentroinformativo.com.mx\/index.php?rest_route=\/wp\/v2\/users\/2476"}],"replies":[{"embeddable":true,"href":"https:\/\/encuentroinformativo.com.mx\/index.php?rest_route=%2Fwp%2Fv2%2Fcomments&post=40037"}],"version-history":[{"count":1,"href":"https:\/\/encuentroinformativo.com.mx\/index.php?rest_route=\/wp\/v2\/posts\/40037\/revisions"}],"predecessor-version":[{"id":40039,"href":"https:\/\/encuentroinformativo.com.mx\/index.php?rest_route=\/wp\/v2\/posts\/40037\/revisions\/40039"}],"wp:featuredmedia":[{"embeddable":true,"href":"https:\/\/encuentroinformativo.com.mx\/index.php?rest_route=\/wp\/v2\/media\/40034"}],"wp:attachment":[{"href":"https:\/\/encuentroinformativo.com.mx\/index.php?rest_route=%2Fwp%2Fv2%2Fmedia&parent=40037"}],"wp:term":[{"taxonomy":"category","embeddable":true,"href":"https:\/\/encuentroinformativo.com.mx\/index.php?rest_route=%2Fwp%2Fv2%2Fcategories&post=40037"},{"taxonomy":"post_tag","embeddable":true,"href":"https:\/\/encuentroinformativo.com.mx\/index.php?rest_route=%2Fwp%2Fv2%2Ftags&post=40037"}],"curies":[{"name":"wp","href":"https:\/\/api.w.org\/{rel}","templated":true}]}}