{"id":40040,"date":"2023-05-01T21:12:04","date_gmt":"2023-05-02T03:12:04","guid":{"rendered":"https:\/\/encuentroinformativo.com.mx\/?p=40040"},"modified":"2023-05-01T21:12:08","modified_gmt":"2023-05-02T03:12:08","slug":"se-atenderan-demandas-de-grupos-sindicales-cuitlahuac-garcia","status":"publish","type":"post","link":"https:\/\/encuentroinformativo.com.mx\/?p=40040","title":{"rendered":"Se atender\u00e1n demandas de grupos sindicales: Cuitl\u00e1huac Garc\u00eda"},"content":{"rendered":"\n<p><strong>Dar\u00edo Pale <\/strong><\/p>\n\n\n\n<p>Xalapa, Ver.- El gobernador del Estado, Cuitl\u00e1huac Garc\u00eda Jim\u00e9nez dio a conocer que atender\u00e1 las diferentes demandas que plantearon los sindicatos durante el desfile principalmente del magisterio, del sector salud y del CAEV.<\/p>\n\n\n\n<p>Entrevistado posterior al desfile conmemorativo del primero de mayo el cual tuvo una duraci\u00f3n de 8 horas ya que inici\u00f3 a las 08:50 y concluy\u00f3 a las 16:50 horas se\u00f1al\u00f3 que desfilaron m\u00e1s 81 mil 800 participantes.<\/p>\n\n\n\n<p>Coment\u00f3 que estuvieron presentes las diferentes organizaciones sindicales, magisteriales, de trabajadores de todo tipo, coment\u00f3 que har\u00edan una revisi\u00f3n del reporte donde al parecer hubo saldo blanco.<\/p>\n\n\n\n<p>&#8220;Vamos a responder a las demandas que se nos hicieron, yo tuve una reuni\u00f3n previa con dirigentes sindicales de todo tipo y acordamos que \u00edbamos a revisar cada uno de sus planteamientos&#8221;, se\u00f1al\u00f3.<\/p>\n\n\n\n<p>Coment\u00f3 que hay cosas pendientes por lo que habr\u00eda una reuni\u00f3n con el secretario de Finanzas para proyectar, ya que hay dos preocupaciones importantes una del magisterio, del sindicato del sector salud y de la CAEV.<\/p>\n","protected":false},"excerpt":{"rendered":"<p>Dar\u00edo Pale Xalapa, Ver.- El gobernador del Estado, Cuitl\u00e1huac Garc\u00eda Jim\u00e9nez dio a conocer que atender\u00e1 las diferentes demandas que plantearon los sindicatos durante el desfile principalmente del magisterio, del sector salud y del CAEV. Entrevistado posterior al desfile conmemorativo del primero de mayo el cual tuvo una duraci\u00f3n de 8 horas ya que inici\u00f3 [&hellip;]<\/p>\n","protected":false},"author":2476,"featured_media":40041,"comment_status":"open","ping_status":"open","sticky":false,"template":"","format":"standard","meta":{"_jetpack_memberships_contains_paid_content":false,"footnotes":""},"categories":[2],"tags":[],"class_list":["post-40040","post","type-post","status-publish","format-standard","has-post-thumbnail","hentry","category-estado"],"jetpack_featured_media_url":"https:\/\/encuentroinformativo.com.mx\/wp-content\/uploads\/2023\/05\/IMG-20230501-WA0191.jpg","jetpack_sharing_enabled":true,"jetpack_likes_enabled":true,"amp_enabled":true,"_links":{"self":[{"href":"https:\/\/encuentroinformativo.com.mx\/index.php?rest_route=\/wp\/v2\/posts\/40040","targetHints":{"allow":["GET"]}}],"collection":[{"href":"https:\/\/encuentroinformativo.com.mx\/index.php?rest_route=\/wp\/v2\/posts"}],"about":[{"href":"https:\/\/encuentroinformativo.com.mx\/index.php?rest_route=\/wp\/v2\/types\/post"}],"author":[{"embeddable":true,"href":"https:\/\/encuentroinformativo.com.mx\/index.php?rest_route=\/wp\/v2\/users\/2476"}],"replies":[{"embeddable":true,"href":"https:\/\/encuentroinformativo.com.mx\/index.php?rest_route=%2Fwp%2Fv2%2Fcomments&post=40040"}],"version-history":[{"count":1,"href":"https:\/\/encuentroinformativo.com.mx\/index.php?rest_route=\/wp\/v2\/posts\/40040\/revisions"}],"predecessor-version":[{"id":40042,"href":"https:\/\/encuentroinformativo.com.mx\/index.php?rest_route=\/wp\/v2\/posts\/40040\/revisions\/40042"}],"wp:featuredmedia":[{"embeddable":true,"href":"https:\/\/encuentroinformativo.com.mx\/index.php?rest_route=\/wp\/v2\/media\/40041"}],"wp:attachment":[{"href":"https:\/\/encuentroinformativo.com.mx\/index.php?rest_route=%2Fwp%2Fv2%2Fmedia&parent=40040"}],"wp:term":[{"taxonomy":"category","embeddable":true,"href":"https:\/\/encuentroinformativo.com.mx\/index.php?rest_route=%2Fwp%2Fv2%2Fcategories&post=40040"},{"taxonomy":"post_tag","embeddable":true,"href":"https:\/\/encuentroinformativo.com.mx\/index.php?rest_route=%2Fwp%2Fv2%2Ftags&post=40040"}],"curies":[{"name":"wp","href":"https:\/\/api.w.org\/{rel}","templated":true}]}}