{"id":40043,"date":"2023-05-02T09:29:40","date_gmt":"2023-05-02T15:29:40","guid":{"rendered":"https:\/\/encuentroinformativo.com.mx\/?p=40043"},"modified":"2023-05-02T09:29:45","modified_gmt":"2023-05-02T15:29:45","slug":"ecos-del-dia-del-trabajo","status":"publish","type":"post","link":"https:\/\/encuentroinformativo.com.mx\/?p=40043","title":{"rendered":"ECOS DEL D\u00cdA DEL TRABAJO"},"content":{"rendered":"\n<p><strong>Los Pol\u00edticos<\/strong><\/p>\n\n\n\n<p><strong>Salvador Mu\u00f1oz<\/strong><\/p>\n\n\n\n<p>Los desfiles del D\u00eda del Trabajo, en cualquier gobierno, en cualquier \u00e9poca, panista, pri\u00edsta, morenista, no dejan de ser en la mayor\u00eda de las veces, el rendimiento de pleites\u00eda al mandam\u00e1s en turno.<\/p>\n\n\n\n<p>S\u00ed, estas paradas igual, en la mayor\u00eda de las veces, no dejan de ser la exhibici\u00f3n del m\u00fasculo sindical ante el mandam\u00e1s en turno\u2026 aunque en algunos casos, tambi\u00e9n dejan ver el tama\u00f1o de algunos funcionarios y su desempe\u00f1o pol\u00edtico y si me apuran, hasta el acercamiento que tienen con el personal con el que laboran\u2026<\/p>\n\n\n\n<p>Un ejemplo de ello es el secretario de Finanzas, Jos\u00e9 Luis Lima Franco, quien fue la comidilla de algunos trabajadores.<\/p>\n\n\n\n<p>\u00bfPues qu\u00e9 esperaban? Estar casi tres horas de pie aguardando el turno para hacer el paseo por Enr\u00edquez, les dio tiempo para pitorrearse de las gorras que entreg\u00f3 el secretario de Finanzas, que cuando las dio al Sindicato, parec\u00eda que estaba dando las joyas de la corona\u2026 \u00a1s\u00f3lo esperaban que no lloviera, porque capaz que se deshac\u00edan!<\/p>\n\n\n\n<p>El otro contraste fue Zenyazen Escobar, quien encabez\u00f3 a un contingente de 19 mil personas de Maestros Con Morena (MCM).<\/p>\n\n\n\n<p>S\u00ed, es la organizaci\u00f3n magisterial con la que inici\u00f3 su lucha por la revalorizaci\u00f3n docente en 2013 y que pugnaba por echar abajo la Reforma Educativa\u2026 de cierto modo, Zenyazen le dijo a&nbsp; Cuic \u201c\u00a1Presente!\u201d para lo que se ofrezca\u2026<\/p>\n\n\n\n<p>Muy ocasional, el desfile del Primero de Mayo igual sirve para colar por ah\u00ed una cartulina y sacarla en el momento oportuno frente al Gobernador, sea para demandar mayores prestaciones o hasta el cese de acoso u hostigamiento laboral que \u201ccasi no se da\u201d en este Gobierno\u2026 \u00a1son segundos y si tiene suerte, hasta minutos! \u00a1Y si bien le va, tener la atenci\u00f3n de la prensa!<\/p>\n\n\n\n<p>Ahora, independientemente de todo esto, est\u00e1 el trabajador, \u00e9se que tiene que estar aguantando, si bien le va, dos horas o tres horas, de pie, a unas calles aleda\u00f1as a la avenida principal, para que en cinco minutos m\u00e1ximo, culmine \u201cla celebraci\u00f3n de sus derechos laborales\u201d&#8230; y luego, algunos muchos, regresar porque ten\u00edan que pasar de nuevo, pero ahora ya no con el Sindicato, sino con el grupo de Eleazar Guerrero\u2026 \u00a1qu\u00e9 pinche joda!&nbsp;<\/p>\n\n\n\n<p>Dicen que en Xalapa fueron nueve horas de ver pasar y pasar a los trabajadores, \u201cfelices\u201d, \u201ccontentos\u201d, en este recorrido de la pleites\u00eda al poder\u2026 Quiz\u00e1s por eso hay que mencionar c\u00f3mo se conmemor\u00f3 en el Puerto de Veracruz, el D\u00eda del Trabajo.<\/p>\n\n\n\n<p>All\u00e1 no hubo desfile, sino una reuni\u00f3n de autoridades municipales (incluida Boca del R\u00edo), dirigentes sindicales y C\u00e1maras Empresariales en la Macroplaza del Malec\u00f3n, \u00bfcon qu\u00e9 objeto? De dialogar, de escuchar, y seguir trabajando de manera coordinada en un solo proyecto: los veracruzanos\u2026 y de paso, los boque\u00f1os.<\/p>\n\n\n\n<p>S\u00ed, hubo momentos \u00e1lgidos donde el Presidente del Congreso del Trabajo y Secretario General de la CTM, Leonel P\u00e9rez Herrera, se quej\u00f3 de inseguridad, quiz\u00e1s pensando en que Paty s\u00f3lo escuchar\u00eda sus lamentaciones, y tuvo raz\u00f3n: Paty no respondi\u00f3. Quien lo hizo fue la Presidenta Municipal de Veracruz, quien puntualmente dio por recibido el pla\u00f1ir de Leonel P\u00e9rez pero igual le contest\u00f3, de manera firme y con propuestas: trabajando juntos.<\/p>\n\n\n\n<p>Este tipo de conmemoraciones, donde se evita el desgaste del trabajador bajo los rayos del sol y horas muertas, donde se platica con los l\u00edderes sindicales, en directo, hablan de concertaci\u00f3n, di\u00e1logo, democracia de a deveras, pero tambi\u00e9n de lo que est\u00e1 hecha Patricia Lobeira.<\/p>\n\n\n\n<p>Ojal\u00e1 en otras latitudes tomen el ejemplo del ayuntamiento porte\u00f1o\u2026 si hay que conmemorar el D\u00eda del Trabajo, que no sea doblando la cerviz sindical, sino haciendo di\u00e1logo, trabajando en coordinaci\u00f3n, unidos, guardando respeto a las bases trabajadoras, guardando respeto a la autoridad, en este caso, municipal\u2026 as\u00ed, s\u00ed vale la pena un D\u00eda del Trabajo.<\/p>\n","protected":false},"excerpt":{"rendered":"<p>Los Pol\u00edticos Salvador Mu\u00f1oz Los desfiles del D\u00eda del Trabajo, en cualquier gobierno, en cualquier \u00e9poca, panista, pri\u00edsta, morenista, no dejan de ser en la mayor\u00eda de las veces, el rendimiento de pleites\u00eda al mandam\u00e1s en turno. S\u00ed, estas paradas igual, en la mayor\u00eda de las veces, no dejan de ser la exhibici\u00f3n del m\u00fasculo [&hellip;]<\/p>\n","protected":false},"author":2476,"featured_media":387,"comment_status":"open","ping_status":"open","sticky":false,"template":"","format":"standard","meta":{"_jetpack_memberships_contains_paid_content":false,"footnotes":""},"categories":[11],"tags":[],"class_list":["post-40043","post","type-post","status-publish","format-standard","has-post-thumbnail","hentry","category-opinion"],"jetpack_featured_media_url":"https:\/\/encuentroinformativo.com.mx\/wp-content\/uploads\/2020\/03\/7CF8A22B-2764-47BE-8F7F-38FE9E5D6A2F.jpeg","jetpack_sharing_enabled":true,"jetpack_likes_enabled":true,"amp_enabled":true,"_links":{"self":[{"href":"https:\/\/encuentroinformativo.com.mx\/index.php?rest_route=\/wp\/v2\/posts\/40043","targetHints":{"allow":["GET"]}}],"collection":[{"href":"https:\/\/encuentroinformativo.com.mx\/index.php?rest_route=\/wp\/v2\/posts"}],"about":[{"href":"https:\/\/encuentroinformativo.com.mx\/index.php?rest_route=\/wp\/v2\/types\/post"}],"author":[{"embeddable":true,"href":"https:\/\/encuentroinformativo.com.mx\/index.php?rest_route=\/wp\/v2\/users\/2476"}],"replies":[{"embeddable":true,"href":"https:\/\/encuentroinformativo.com.mx\/index.php?rest_route=%2Fwp%2Fv2%2Fcomments&post=40043"}],"version-history":[{"count":1,"href":"https:\/\/encuentroinformativo.com.mx\/index.php?rest_route=\/wp\/v2\/posts\/40043\/revisions"}],"predecessor-version":[{"id":40044,"href":"https:\/\/encuentroinformativo.com.mx\/index.php?rest_route=\/wp\/v2\/posts\/40043\/revisions\/40044"}],"wp:featuredmedia":[{"embeddable":true,"href":"https:\/\/encuentroinformativo.com.mx\/index.php?rest_route=\/wp\/v2\/media\/387"}],"wp:attachment":[{"href":"https:\/\/encuentroinformativo.com.mx\/index.php?rest_route=%2Fwp%2Fv2%2Fmedia&parent=40043"}],"wp:term":[{"taxonomy":"category","embeddable":true,"href":"https:\/\/encuentroinformativo.com.mx\/index.php?rest_route=%2Fwp%2Fv2%2Fcategories&post=40043"},{"taxonomy":"post_tag","embeddable":true,"href":"https:\/\/encuentroinformativo.com.mx\/index.php?rest_route=%2Fwp%2Fv2%2Ftags&post=40043"}],"curies":[{"name":"wp","href":"https:\/\/api.w.org\/{rel}","templated":true}]}}