{"id":40045,"date":"2023-05-02T09:35:10","date_gmt":"2023-05-02T15:35:10","guid":{"rendered":"https:\/\/encuentroinformativo.com.mx\/?p=40045"},"modified":"2023-05-02T09:35:13","modified_gmt":"2023-05-02T15:35:13","slug":"manotazo-de-amlo-en-reunion-de-alto-nivel","status":"publish","type":"post","link":"https:\/\/encuentroinformativo.com.mx\/?p=40045","title":{"rendered":"MANOTAZO DE AMLO EN REUNI\u00d3N DE ALTO NIVEL"},"content":{"rendered":"\n<p><strong>ColumnaSinNombre<br>@pablojair<\/strong><\/p>\n\n\n\n<ul class=\"wp-block-list\"><li>No ayudan a Marcelo sus amigos en el estado.<\/li><li>Abucheos a la alcaldesa de Veracruz.<\/li><li>Zenyazen marcha con 19 mil maestros.<\/li><\/ul>\n\n\n\n<p>Muy caliente el norte. Mucha balacera. Mucha violencia.<br>&#8211;Chopenjawer<\/p>\n\n\n\n<p>La reuni\u00f3n del presidente Andr\u00e9s Manuel L\u00f3pez Obrador con los gobernadores y senadores de Morena, sin duda ya es un &#8220;manotazo&#8221; presidencial para meter orden en los conflictos internos e ir ya amarrando los cabos sueltos no s\u00f3lo rumbo a la elecci\u00f3n de presidente, sino tambi\u00e9n en las gubernaturas y dem\u00e1s cargos p\u00fablicos que se jugar\u00e1n el pr\u00f3ximo a\u00f1o.<\/p>\n\n\n\n<p>La foto del presidente con los cuatro aspirantes a la Presidencia es muy significativa para la lectura pol\u00edtica: Marcelo Ebrard y Ad\u00e1n Augusto L\u00f3pez a la derecha; Ricardo Monreal y Claudia Sheinbaum. Todos flanqueando al l\u00edder que todav\u00eda tendr\u00e1 mucha influencia en la elecci\u00f3n de 2024, y que adem\u00e1s tiene una fuerte estructura en los estados a trav\u00e9s de los delegados del Bienestar y los gobernadores.<\/p>\n\n\n\n<p>Aunque la reuni\u00f3n fue privada, trasciende que el tema principal fue el pedir unidad a todos los actores pol\u00edticos y que se eviten los enconos, mismos que son explotados por los partidos adversarios como signo de divisi\u00f3n.<\/p>\n\n\n\n<p>Es decir, en teor\u00eda, de aqu\u00ed en adelante, no habr\u00e1 ataques internos contra el propio movimiento y l\u00edderes de Morena. Hay un acuerdo para que las diferencias queden de lado y todo se vaya sumando para lo que viene en 2024.<\/p>\n\n\n\n<p>Y es que muchos, a estas alturas, siguen esperando que exista una gran divisi\u00f3n en Morena por los mentados conflictos internos, sumado al ADN izquierdista de despedazarse entre ellos mismos como ocurr\u00eda con el PRD, donde las tribus nunca se pon\u00edan de acuerdo.<\/p>\n\n\n\n<p>La muestra m\u00e1s clara de que se est\u00e1 metiendo orden es que por fin le abrieron las puertas de Palacio Nacional a Ricardo Monreal, presidente de la Junta de Coordinaci\u00f3n Pol\u00edtica del Senado, quien regresa al redil lopezobradorista luego de actuar como opositor en dicha C\u00e1mara. Sobre los recientes eventos donde se aprobaron reformas fast-track en sede alterna, Monreal ya no critic\u00f3 como sol\u00eda hacerlo y mostr\u00f3 alejamiento de los l\u00edderes de las bancadas de oposici\u00f3n.<\/p>\n\n\n\n<p>Otra duda es si seguir\u00e1 siendo Monreal aliado de Dante Delgado\u2026 Ya se ver\u00e1\u2026 (Otras voces dicen que en realidad T\u00edo Dante ya pact\u00f3, y hace la ilusi\u00f3n de ataques a la 4T, pero en los hechos sigue siendo un aliado).<\/p>\n\n\n\n<p>\u00bfOtro ejemplo de c\u00f3mo se est\u00e1 poniendo orden? El caso del diputado federal Sergio Guti\u00e9rrez Luna, a quien la c\u00fapula de Morena envi\u00f3 de nueva vuelta al Instituto Nacional Electoral como representante de ese partido ante el Consejo General. Con eso, se define su futuro pol\u00edtico pr\u00f3ximo, al que acompa\u00f1ar\u00e1 con una plurinominal, seguramente.<\/p>\n\n\n\n<p>Podr\u00e1n decir que AMLO est\u00e1 siendo un todopoderoso presidente al estilo de los mejores tiempos del Priato, aplicando el poder dentro de Morena, pero en estos tiempos los &#8220;morenos&#8221; tienen claro qui\u00e9n es el l\u00edder del movimiento, quien lo fund\u00f3, qui\u00e9n les dio entrada y qui\u00e9n finalmente es el l\u00edder moral no s\u00f3lo del partido, sino de millones de simpatizantes que tiene en el pa\u00eds\u2026 La oposici\u00f3n precisamente est\u00e1 tronada por la falta de un liderazgo fuerte que opaque al tabasque\u00f1o.<\/p>\n\n\n\n<p>Falta ver si realmente el &#8220;manotazo&#8221; fue efectivo y no hagan como los hijos desobedientes que al paso de los a\u00f1os, van dejando de hacerle caso al patriarca.<\/p>\n\n\n\n<p><strong>NOTA PARA PEGAR EN EL REFRI: <\/strong>Que en all\u00e1 en Palacio Nacional levantaron la ceja cuando el canciller Marcelo Ebrard visit\u00f3 Veracruz e hizo deferencias a la alcaldesa, Patricia Lobeira de Yunes, a sabiendas de a qu\u00e9 grupo pertenece y qu\u00e9 intereses tienen. Unos pensar\u00edan que quiz\u00e1s sea una mera cortes\u00eda y muestra de educaci\u00f3n como lo hace el presidente y el gobernador en eventos oficiales, pero aqu\u00ed el asunto es que la presentaci\u00f3n del libro de Marcelo no era un acto oficial, sino pol\u00edtico\u2026 \u00bfNadie de sus promotores y operadores en el puerto le advirti\u00f3 lo anterior? \u00bfNo calcularon que ser\u00eda una mala estrategia?\u2026 Por ejemplo, otro grupo que tampoco vio con buenos ojos la acci\u00f3n de Ebrard fueron los panistas no vinculados a los Yunes, que tra\u00edan una simpat\u00eda natural con el de Relaciones Exteriores. Otro detalle que no se perdi\u00f3 de vista es que a Marcelo lo andan arropando cartuchos quemados del PRI y otros partidos\u2026 Ah\u00ed la llevan igualito como con Ad\u00e1n: recogiendo el cascajo. Otros dir\u00edan que es simplemente ir sumando a los adversarios\u2026 En Veracruz, el cuarto estado en importancia electoral, de plano el canciller anda muy perdido y no le ayudan sus amigos\u2026<\/p>\n\n\n\n<p><strong>OTRA NOTA: <\/strong>Precisamente ha sido la alcaldesa de Veracruz la que en las \u00faltimas horas ha estado bajo abucheos\u2026 Este lunes, en el D\u00eda de Trabajo, fue confrontada por taxistas que piden mayor seguridad en las calles y que le pongan atenci\u00f3n al tema del estado de las calles\u2026 Otra fuente comenta que en el evento de Marcelo, a \u00e9ste se le ocurri\u00f3 decir que ten\u00eda bonito al puerto y alguien del p\u00fablico le grit\u00f3: &#8220;\u00a1No es cierto!&#8221;\u2026 \u00bfSer\u00e1 que ahora s\u00ed ya perdieron popularidad los Yunes en el puerto de Veracruz?<\/p>\n\n\n\n<p><strong>LA \u00daLTIMA PORQUE NO SE QUITA UN \u00cdCONO DE BLUETOOTH DE LA PANTALLA Y YA ME TIENE HARTO: <\/strong>Acompa\u00f1ando por m\u00e1s de 19 mil maestras y maestros de todas partes del estado, el secretario de Educaci\u00f3n de Veracruz, Zenyazen Escobar Garc\u00eda, encabez\u00f3 este 1 de mayo la megamarcha de Maestros Con Morena (MCM), organizaci\u00f3n magisterial con la que inici\u00f3 su lucha por la revalorizaci\u00f3n docente en 2013 para echar abajo la mal llamada Reforma Educativa\u2026 As\u00ed, con el \u00e1nimo que le caracteriza, Zenyazen alz\u00f3 una vez m\u00e1s la voz en favor del gremio que representa, refrendando su respaldo a quienes d\u00eda a d\u00eda se entregan en las aulas formando a la ni\u00f1ez y juventud veracruzana\u2026 Este desfile conmemorativo del D\u00eda del Trabajo no pod\u00eda tener mejor cierre que la participaci\u00f3n de los mejores maestros de M\u00e9xico, quienes desde las primeras horas de este lunes se congregaron ante el monumento de los Ni\u00f1os H\u00e9roes para ser part\u00edcipes de tan importante fecha que se dirige a recordar las garant\u00edas y derechos de la clase trabajadora.<\/p>\n","protected":false},"excerpt":{"rendered":"<p>ColumnaSinNombre@pablojair No ayudan a Marcelo sus amigos en el estado. Abucheos a la alcaldesa de Veracruz. Zenyazen marcha con 19 mil maestros. Muy caliente el norte. Mucha balacera. Mucha violencia.&#8211;Chopenjawer La reuni\u00f3n del presidente Andr\u00e9s Manuel L\u00f3pez Obrador con los gobernadores y senadores de Morena, sin duda ya es un &#8220;manotazo&#8221; presidencial para meter orden [&hellip;]<\/p>\n","protected":false},"author":2476,"featured_media":488,"comment_status":"open","ping_status":"open","sticky":false,"template":"","format":"standard","meta":{"_jetpack_memberships_contains_paid_content":false,"footnotes":""},"categories":[11],"tags":[],"class_list":["post-40045","post","type-post","status-publish","format-standard","has-post-thumbnail","hentry","category-opinion"],"jetpack_featured_media_url":"https:\/\/encuentroinformativo.com.mx\/wp-content\/uploads\/2020\/03\/F471F608-BA1A-416B-BA7B-BCFB24F4E6D0.jpeg","jetpack_sharing_enabled":true,"jetpack_likes_enabled":true,"amp_enabled":true,"_links":{"self":[{"href":"https:\/\/encuentroinformativo.com.mx\/index.php?rest_route=\/wp\/v2\/posts\/40045","targetHints":{"allow":["GET"]}}],"collection":[{"href":"https:\/\/encuentroinformativo.com.mx\/index.php?rest_route=\/wp\/v2\/posts"}],"about":[{"href":"https:\/\/encuentroinformativo.com.mx\/index.php?rest_route=\/wp\/v2\/types\/post"}],"author":[{"embeddable":true,"href":"https:\/\/encuentroinformativo.com.mx\/index.php?rest_route=\/wp\/v2\/users\/2476"}],"replies":[{"embeddable":true,"href":"https:\/\/encuentroinformativo.com.mx\/index.php?rest_route=%2Fwp%2Fv2%2Fcomments&post=40045"}],"version-history":[{"count":1,"href":"https:\/\/encuentroinformativo.com.mx\/index.php?rest_route=\/wp\/v2\/posts\/40045\/revisions"}],"predecessor-version":[{"id":40046,"href":"https:\/\/encuentroinformativo.com.mx\/index.php?rest_route=\/wp\/v2\/posts\/40045\/revisions\/40046"}],"wp:featuredmedia":[{"embeddable":true,"href":"https:\/\/encuentroinformativo.com.mx\/index.php?rest_route=\/wp\/v2\/media\/488"}],"wp:attachment":[{"href":"https:\/\/encuentroinformativo.com.mx\/index.php?rest_route=%2Fwp%2Fv2%2Fmedia&parent=40045"}],"wp:term":[{"taxonomy":"category","embeddable":true,"href":"https:\/\/encuentroinformativo.com.mx\/index.php?rest_route=%2Fwp%2Fv2%2Fcategories&post=40045"},{"taxonomy":"post_tag","embeddable":true,"href":"https:\/\/encuentroinformativo.com.mx\/index.php?rest_route=%2Fwp%2Fv2%2Ftags&post=40045"}],"curies":[{"name":"wp","href":"https:\/\/api.w.org\/{rel}","templated":true}]}}