{"id":40047,"date":"2023-05-02T09:51:35","date_gmt":"2023-05-02T15:51:35","guid":{"rendered":"https:\/\/encuentroinformativo.com.mx\/?p=40047"},"modified":"2023-05-02T09:51:39","modified_gmt":"2023-05-02T15:51:39","slug":"reclama-snte-pago-del-seguro-institucional","status":"publish","type":"post","link":"https:\/\/encuentroinformativo.com.mx\/?p=40047","title":{"rendered":"Reclama SNTE pago del Seguro Institucional"},"content":{"rendered":"\n<p><strong>Dar\u00edo Pale <\/strong><\/p>\n\n\n\n<p>Xalapa, Ver.- El Secretario General de la Secci\u00f3n 32 del Sindicato Nacional de Trabajadores de la Educaci\u00f3n (SNTE), Daniel Covarrubias L\u00f3pez, dio a conocer que van a empezar a pelear el tema del pago del seguro institucional para lo cual realizaron una comisi\u00f3n donde se integran varios secretarios generales de jubilados.<\/p>\n\n\n\n<p>Jubilados reclaman el pago del seguro ya que esto afecta a cerca de 11 mil jubilados y pensionados, para lo cual ya se \u00a0integr\u00f3 una comisi\u00f3n para demandar el pago que se adeuda desde el 2021.<\/p>\n\n\n\n<p>Al hacer uso de la palabra, dijo, que este grave problema afecta a un promedio de once mil trabajadores jubilados afilados a esta organizaci\u00f3n sindical, pues al jubilarse ya no cuentan con este beneficio.<\/p>\n\n\n\n<p>&#8220;Que se contrate de inmediato la aseguradora para los jubilados y pensionados ya deben a muchas familias el pago de este seguro institucional desde el 2021, no se vale amigos&#8221;, se\u00f1al\u00f3\u00a0<\/p>\n\n\n\n<p>&#8220;Tenemos que garantizar la seguridad de los compa\u00f1eros jubilados que ya no est\u00e1n con nosotros, que su familia pueda cobrar esos seguros, por lo tanto lo exigimos&#8221;, agreg\u00f3.<\/p>\n\n\n\n<p>Dio a conocer que ya se integro una comisi\u00f3n conformada por varios secretarios de jubilados y abogados de la Secci\u00f3n 32 al igual que algunos abogados para empezar a buscar el pago inmediato del adeudo.<\/p>\n\n\n\n<p>Cabe se\u00f1alar que durante el desfile del D\u00eda del Trabajo aprovecharon la oportunidad para manifestar de manera directa al gobernador mediante una lona las denuncias por falta de pago a los jubilados y pensionados.<\/p>\n\n\n\n<p>Finamente hicieron patente su precaria situaci\u00f3n y exigieron la pronta atenci\u00f3n a este tema, pues al jubilarse se quedan totalmente desprotegidos, al no contar con este beneficio asistencial, luego de concluir con su vida laboral en la instituci\u00f3n educativa.<\/p>\n","protected":false},"excerpt":{"rendered":"<p>Dar\u00edo Pale Xalapa, Ver.- El Secretario General de la Secci\u00f3n 32 del Sindicato Nacional de Trabajadores de la Educaci\u00f3n (SNTE), Daniel Covarrubias L\u00f3pez, dio a conocer que van a empezar a pelear el tema del pago del seguro institucional para lo cual realizaron una comisi\u00f3n donde se integran varios secretarios generales de jubilados. Jubilados reclaman [&hellip;]<\/p>\n","protected":false},"author":2476,"featured_media":40048,"comment_status":"open","ping_status":"open","sticky":false,"template":"","format":"standard","meta":{"_jetpack_memberships_contains_paid_content":false,"footnotes":""},"categories":[2],"tags":[],"class_list":["post-40047","post","type-post","status-publish","format-standard","has-post-thumbnail","hentry","category-estado"],"jetpack_featured_media_url":"https:\/\/encuentroinformativo.com.mx\/wp-content\/uploads\/2023\/05\/IMG-20230501-WA01862.jpg","jetpack_sharing_enabled":true,"jetpack_likes_enabled":true,"amp_enabled":true,"_links":{"self":[{"href":"https:\/\/encuentroinformativo.com.mx\/index.php?rest_route=\/wp\/v2\/posts\/40047","targetHints":{"allow":["GET"]}}],"collection":[{"href":"https:\/\/encuentroinformativo.com.mx\/index.php?rest_route=\/wp\/v2\/posts"}],"about":[{"href":"https:\/\/encuentroinformativo.com.mx\/index.php?rest_route=\/wp\/v2\/types\/post"}],"author":[{"embeddable":true,"href":"https:\/\/encuentroinformativo.com.mx\/index.php?rest_route=\/wp\/v2\/users\/2476"}],"replies":[{"embeddable":true,"href":"https:\/\/encuentroinformativo.com.mx\/index.php?rest_route=%2Fwp%2Fv2%2Fcomments&post=40047"}],"version-history":[{"count":1,"href":"https:\/\/encuentroinformativo.com.mx\/index.php?rest_route=\/wp\/v2\/posts\/40047\/revisions"}],"predecessor-version":[{"id":40049,"href":"https:\/\/encuentroinformativo.com.mx\/index.php?rest_route=\/wp\/v2\/posts\/40047\/revisions\/40049"}],"wp:featuredmedia":[{"embeddable":true,"href":"https:\/\/encuentroinformativo.com.mx\/index.php?rest_route=\/wp\/v2\/media\/40048"}],"wp:attachment":[{"href":"https:\/\/encuentroinformativo.com.mx\/index.php?rest_route=%2Fwp%2Fv2%2Fmedia&parent=40047"}],"wp:term":[{"taxonomy":"category","embeddable":true,"href":"https:\/\/encuentroinformativo.com.mx\/index.php?rest_route=%2Fwp%2Fv2%2Fcategories&post=40047"},{"taxonomy":"post_tag","embeddable":true,"href":"https:\/\/encuentroinformativo.com.mx\/index.php?rest_route=%2Fwp%2Fv2%2Ftags&post=40047"}],"curies":[{"name":"wp","href":"https:\/\/api.w.org\/{rel}","templated":true}]}}