{"id":40061,"date":"2023-05-02T11:41:53","date_gmt":"2023-05-02T17:41:53","guid":{"rendered":"https:\/\/encuentroinformativo.com.mx\/?p=40061"},"modified":"2023-05-02T11:41:58","modified_gmt":"2023-05-02T17:41:58","slug":"festejan-el-dia-del-nino-y-la-nina-en-centros-penitenciarios-de-veracruz","status":"publish","type":"post","link":"https:\/\/encuentroinformativo.com.mx\/?p=40061","title":{"rendered":"Festejan el D\u00eda del Ni\u00f1o y la Ni\u00f1a en Centros Penitenciarios de Veracruz"},"content":{"rendered":"\n<p>Xalapa, Ver.- Con el objetivo de fortalecer los lazos afectivos entre las Personas Privadas de Libertad y sus familias, la Direcci\u00f3n General de Prevenci\u00f3n y Reinserci\u00f3n Social, festej\u00f3 el 30 de abril en los 17 Centros de Reinserci\u00f3n Social del Estado.<\/p>\n\n\n\n<p>El pasado fin de semana, se realizaron una serie de din\u00e1micas recreativas, deportivas, juegos inflables, payasos, m\u00fasica, pi\u00f1atas, pinta carita, juegos de mesa y entrega de juguetes a los hijos e hijas de la poblaci\u00f3n penitenciara del Estado, fomentando la fraternidad, la compresi\u00f3n y la inclusi\u00f3n social.<\/p>\n\n\n\n<p>Desde temprana hora, los centros penitenciarios recibieron la visita de familias para que las ni\u00f1os y ni\u00f1os con padres y madres privadas de la libertad, compartieran unas horas de diversi\u00f3n y sano esparcimiento. Se efectuaron actividades con un ambiente l\u00fadico, resaltando la importancia de los valores que benefician el proceso de reinserci\u00f3n social de las personas internas.<\/p>\n\n\n\n<p>La planeaci\u00f3n de estas actividades, estuvo a cargo del personal que labora en las \u00e1reas educativas, deportivas y trabajo social de los 17 centros penitenciarios, promoviendo as\u00ed, el bienestar y los derechos de los ni\u00f1os y las ni\u00f1as en compa\u00f1\u00eda de su padres y madres que se encuentran en reclusi\u00f3n.<\/p>\n\n\n\n<figure class=\"wp-block-image size-large\"><img loading=\"lazy\" decoding=\"async\" width=\"1024\" height=\"796\" src=\"https:\/\/encuentroinformativo.com.mx\/wp-content\/uploads\/2023\/05\/Point-Blur_May022023_113848-1024x796.jpg\" alt=\"\" class=\"wp-image-40063\" srcset=\"https:\/\/encuentroinformativo.com.mx\/wp-content\/uploads\/2023\/05\/Point-Blur_May022023_113848-1024x796.jpg 1024w, https:\/\/encuentroinformativo.com.mx\/wp-content\/uploads\/2023\/05\/Point-Blur_May022023_113848-300x233.jpg 300w, https:\/\/encuentroinformativo.com.mx\/wp-content\/uploads\/2023\/05\/Point-Blur_May022023_113848-768x597.jpg 768w, https:\/\/encuentroinformativo.com.mx\/wp-content\/uploads\/2023\/05\/Point-Blur_May022023_113848.jpg 1080w\" sizes=\"auto, (max-width: 1024px) 100vw, 1024px\" \/><\/figure>\n","protected":false},"excerpt":{"rendered":"<p>Xalapa, Ver.- Con el objetivo de fortalecer los lazos afectivos entre las Personas Privadas de Libertad y sus familias, la Direcci\u00f3n General de Prevenci\u00f3n y Reinserci\u00f3n Social, festej\u00f3 el 30 de abril en los 17 Centros de Reinserci\u00f3n Social del Estado. El pasado fin de semana, se realizaron una serie de din\u00e1micas recreativas, deportivas, juegos [&hellip;]<\/p>\n","protected":false},"author":2476,"featured_media":40062,"comment_status":"open","ping_status":"open","sticky":false,"template":"","format":"standard","meta":{"_jetpack_memberships_contains_paid_content":false,"footnotes":""},"categories":[2],"tags":[],"class_list":["post-40061","post","type-post","status-publish","format-standard","has-post-thumbnail","hentry","category-estado"],"jetpack_featured_media_url":"https:\/\/encuentroinformativo.com.mx\/wp-content\/uploads\/2023\/05\/IMG-20230502-WA0024.jpg","jetpack_sharing_enabled":true,"jetpack_likes_enabled":true,"amp_enabled":true,"_links":{"self":[{"href":"https:\/\/encuentroinformativo.com.mx\/index.php?rest_route=\/wp\/v2\/posts\/40061","targetHints":{"allow":["GET"]}}],"collection":[{"href":"https:\/\/encuentroinformativo.com.mx\/index.php?rest_route=\/wp\/v2\/posts"}],"about":[{"href":"https:\/\/encuentroinformativo.com.mx\/index.php?rest_route=\/wp\/v2\/types\/post"}],"author":[{"embeddable":true,"href":"https:\/\/encuentroinformativo.com.mx\/index.php?rest_route=\/wp\/v2\/users\/2476"}],"replies":[{"embeddable":true,"href":"https:\/\/encuentroinformativo.com.mx\/index.php?rest_route=%2Fwp%2Fv2%2Fcomments&post=40061"}],"version-history":[{"count":1,"href":"https:\/\/encuentroinformativo.com.mx\/index.php?rest_route=\/wp\/v2\/posts\/40061\/revisions"}],"predecessor-version":[{"id":40064,"href":"https:\/\/encuentroinformativo.com.mx\/index.php?rest_route=\/wp\/v2\/posts\/40061\/revisions\/40064"}],"wp:featuredmedia":[{"embeddable":true,"href":"https:\/\/encuentroinformativo.com.mx\/index.php?rest_route=\/wp\/v2\/media\/40062"}],"wp:attachment":[{"href":"https:\/\/encuentroinformativo.com.mx\/index.php?rest_route=%2Fwp%2Fv2%2Fmedia&parent=40061"}],"wp:term":[{"taxonomy":"category","embeddable":true,"href":"https:\/\/encuentroinformativo.com.mx\/index.php?rest_route=%2Fwp%2Fv2%2Fcategories&post=40061"},{"taxonomy":"post_tag","embeddable":true,"href":"https:\/\/encuentroinformativo.com.mx\/index.php?rest_route=%2Fwp%2Fv2%2Ftags&post=40061"}],"curies":[{"name":"wp","href":"https:\/\/api.w.org\/{rel}","templated":true}]}}