{"id":40068,"date":"2023-05-02T13:18:34","date_gmt":"2023-05-02T19:18:34","guid":{"rendered":"https:\/\/encuentroinformativo.com.mx\/?p=40068"},"modified":"2023-05-02T13:18:38","modified_gmt":"2023-05-02T19:18:38","slug":"necesario-promover-capacitacion-de-docentes-para-que-conozcan-sus-derechos-suma","status":"publish","type":"post","link":"https:\/\/encuentroinformativo.com.mx\/?p=40068","title":{"rendered":"Necesario promover capacitaci\u00f3n de docentes, para que conozcan sus derechos: SUMA"},"content":{"rendered":"\n<p><strong>Juan Arcos <\/strong><\/p>\n\n\n\n<p>Xalapa, Ver.- Las problem\u00e1ticas laborales diarias que tienen los docentes deben ser atendidas con capacitaci\u00f3n para que conozcan, difundan y apliquen sus derechos, expres\u00f3 Mar\u00eda Minelia C\u00f3rdova Herrera, secretaria general del Sindicato Unificador Magisterial (SUMA).<\/p>\n\n\n\n<p>La lideresa sindical dio a conocer su postura tras la inauguraci\u00f3n del diplomado \u201cFormaci\u00f3n Ideol\u00f3gica y Sindical\u201d, que culminar\u00e1 el pr\u00f3ximo viernes.<\/p>\n\n\n\n<p>\u201cNo puede existir un maestro en Veracruz omiso de las leyes. De esto trata el diplomado, respetar a los ni\u00f1os, a todo ese material humano que trabajamos todos los d\u00edas\u201d\u201d, enfatiz\u00f3 la profesora.<\/p>\n\n\n\n<p>Mencion\u00f3 que con este diplomado tambi\u00e9n se inici\u00f3 la \u201cEscuela de cuadros\u201d anunciada desde el pasado mes de diciembre, con la cual pretenden perfeccionar a los maestros de Veracruz para que cuenten con una formaci\u00f3n ideol\u00f3gica y sindical para la defensa de los trabajadores.<\/p>\n\n\n\n<p>\u201cEste diplomado se trata de dar a conocer para lo que fuimos contratados, respetar la educaci\u00f3n ampliamente, respetar a los ni\u00f1os y respetar a los compa\u00f1eros, y defender de aquellos abusos que se est\u00e9n dando\u201d, refiri\u00f3.<\/p>\n\n\n\n<p>Adem\u00e1s, buscan orientar a los maestros con problem\u00e1ticas b\u00e1sicas, evitando as\u00ed situaciones como ocurre en otros sindicatos donde son cesados, intimidados y agredidos laboralmente por sus propios compa\u00f1eros.<\/p>\n\n\n\n<p>\u201cHoy en d\u00eda vemos muchos cambios en el magisterio, vemos una nueva forma de trabajar, reformas muy interesantes y el sindicato debe estar a la vanguardia\u201d, enfatiz\u00f3 C\u00f3rdova Herrera.<\/p>\n\n\n\n<p>El Sindicato Unificador Magisterial tiene m\u00e1s de 500 agremiados en todo el territorio veracruzano, siendo la mayor\u00eda del sistema educativo federal.<\/p>\n\n\n\n<p>El diplomado mencionado se imparte en un hotel de Rancho Viejo, municipio de San Andr\u00e9s Tlalnelhuayocan, cerca de la ciudad de Xalapa.<\/p>\n","protected":false},"excerpt":{"rendered":"<p>Juan Arcos Xalapa, Ver.- Las problem\u00e1ticas laborales diarias que tienen los docentes deben ser atendidas con capacitaci\u00f3n para que conozcan, difundan y apliquen sus derechos, expres\u00f3 Mar\u00eda Minelia C\u00f3rdova Herrera, secretaria general del Sindicato Unificador Magisterial (SUMA). La lideresa sindical dio a conocer su postura tras la inauguraci\u00f3n del diplomado \u201cFormaci\u00f3n Ideol\u00f3gica y Sindical\u201d, que [&hellip;]<\/p>\n","protected":false},"author":2476,"featured_media":40069,"comment_status":"open","ping_status":"open","sticky":false,"template":"","format":"standard","meta":{"_jetpack_memberships_contains_paid_content":false,"footnotes":""},"categories":[2],"tags":[],"class_list":["post-40068","post","type-post","status-publish","format-standard","has-post-thumbnail","hentry","category-estado"],"jetpack_featured_media_url":"https:\/\/encuentroinformativo.com.mx\/wp-content\/uploads\/2023\/05\/IMG_1573.jpg","jetpack_sharing_enabled":true,"jetpack_likes_enabled":true,"amp_enabled":true,"_links":{"self":[{"href":"https:\/\/encuentroinformativo.com.mx\/index.php?rest_route=\/wp\/v2\/posts\/40068","targetHints":{"allow":["GET"]}}],"collection":[{"href":"https:\/\/encuentroinformativo.com.mx\/index.php?rest_route=\/wp\/v2\/posts"}],"about":[{"href":"https:\/\/encuentroinformativo.com.mx\/index.php?rest_route=\/wp\/v2\/types\/post"}],"author":[{"embeddable":true,"href":"https:\/\/encuentroinformativo.com.mx\/index.php?rest_route=\/wp\/v2\/users\/2476"}],"replies":[{"embeddable":true,"href":"https:\/\/encuentroinformativo.com.mx\/index.php?rest_route=%2Fwp%2Fv2%2Fcomments&post=40068"}],"version-history":[{"count":1,"href":"https:\/\/encuentroinformativo.com.mx\/index.php?rest_route=\/wp\/v2\/posts\/40068\/revisions"}],"predecessor-version":[{"id":40070,"href":"https:\/\/encuentroinformativo.com.mx\/index.php?rest_route=\/wp\/v2\/posts\/40068\/revisions\/40070"}],"wp:featuredmedia":[{"embeddable":true,"href":"https:\/\/encuentroinformativo.com.mx\/index.php?rest_route=\/wp\/v2\/media\/40069"}],"wp:attachment":[{"href":"https:\/\/encuentroinformativo.com.mx\/index.php?rest_route=%2Fwp%2Fv2%2Fmedia&parent=40068"}],"wp:term":[{"taxonomy":"category","embeddable":true,"href":"https:\/\/encuentroinformativo.com.mx\/index.php?rest_route=%2Fwp%2Fv2%2Fcategories&post=40068"},{"taxonomy":"post_tag","embeddable":true,"href":"https:\/\/encuentroinformativo.com.mx\/index.php?rest_route=%2Fwp%2Fv2%2Ftags&post=40068"}],"curies":[{"name":"wp","href":"https:\/\/api.w.org\/{rel}","templated":true}]}}