{"id":40071,"date":"2023-05-02T13:50:18","date_gmt":"2023-05-02T19:50:18","guid":{"rendered":"https:\/\/encuentroinformativo.com.mx\/?p=40071"},"modified":"2023-05-02T13:50:22","modified_gmt":"2023-05-02T19:50:22","slug":"enfermera-despedida-por-denunciar-anomalias-pide-intervencion-del-gobernador","status":"publish","type":"post","link":"https:\/\/encuentroinformativo.com.mx\/?p=40071","title":{"rendered":"Enfermera despedida por denunciar anomal\u00edas pide intervenci\u00f3n del Gobernador"},"content":{"rendered":"\n<p><strong>Juan Arcos <\/strong><\/p>\n\n\n\n<p>Xalapa, Ver.- La enfermera Soledad Pimentel Zilch acudi\u00f3 a Palacio de Gobierno para exigir la intervenci\u00f3n del gobernador Cuitl\u00e1huac Garc\u00eda Jim\u00e9nez, luego de que fuera despedida injustificadamente por denunciar anomal\u00edas en el Hospital General de Perote, como la reutilizaci\u00f3n de jeringas y materiales desechables.<\/p>\n\n\n\n<p>La trabajadora exhibi\u00f3 su caso desde ayer 1 de mayo, a trav\u00e9s de su cuenta de <em>Facebook<\/em>, donde dio a conocer que desde el pasado 20 de abril comenz\u00f3 el hostigamiento laboral hacia su persona, tras denunciar irregularidades en el nosocomio durante una supervisi\u00f3n en el mismo.<\/p>\n\n\n\n<p>A las 8:30 horas de este martes 2 de mayo, lleg\u00f3 a las oficinas de los Servicios de Salud de Veracruz (Sesver), ubicadas sobre la calle Soconusco, en la colonia Aguacatal, en la zona del cerro de Macuilt\u00e9petl, municipio de Xalapa, donde no fue atendida. Por ello, decidi\u00f3 buscar un acercamiento con el mandatario estatal en el centro hist\u00f3rico de Xalapa.<\/p>\n\n\n\n<p>En el Palacio de Gobierno, la enfermera aclar\u00f3 que la Secretar\u00eda de Salud de Veracruz (SS) ha dotado los insumos necesarios para la debida operaci\u00f3n del nosocomio; sin embargo, el director del hospital, Pedro Rafael Vargas Reus, retiene los materiales m\u00e9dicos en el almac\u00e9n.<\/p>\n\n\n\n<p>Adem\u00e1s, indic\u00f3 que el Director instruy\u00f3 al personal que administre los medicamentos a los pacientes con una sola jeringa, microgoteros y normogoteros, durante todo un d\u00eda.<\/p>\n\n\n\n<p>En ese sentido, exigi\u00f3 a las autoridades del gobierno de Veracruz que inicien una investigaci\u00f3n contra el funcionario mencionado tras cometer faltas graves en el cargo, que ponen en peligro la vida de los enfermos.<\/p>\n\n\n\n<p>La entrevistada detall\u00f3 que las y los enfermeros del Hospital General de Perote \u201cponen de su bolsa\u201d para comprar los insumos y as\u00ed no reutilizarlos, con el objetivo de proteger la integridad de los pacientes.<\/p>\n\n\n\n<p>\u201cNosotros tenemos prohibido pedirle al familiar del paciente que compre los insumos. Lo que hacemos, aunque no se debe y no somos ricos porque tampoco nos pagan los millones, pero nosotros compramos el material. Tenemos la forma de demostrarlo\u201d, a\u00f1adi\u00f3.<\/p>\n\n\n\n<p>Record\u00f3 que la acusan de maltratar a los estudiantes pasantes de enfermer\u00eda, situaci\u00f3n que neg\u00f3 y mostr\u00f3 documentos sobre su desempe\u00f1o durante los tres a\u00f1os que brind\u00f3 sus servicios a la dependencia estatal.<\/p>\n\n\n\n<p>&#8220;Para los que dicen que soy la enfermera mala, que trata mal a los pasantes de enfermer\u00eda, aqu\u00ed est\u00e1n los documentos, nunca he tratado mal a nadie en los tres a\u00f1os que llevo de contrato, nunca he tratado mal absolutamente a nadie\u201d, enfatiz\u00f3.<\/p>\n\n\n\n<p>Incluso, acus\u00f3 a la pasante de enfermer\u00eda de la Universidad del Oriente de Veracruz, Valeria Ojeda Montero, quien realiza sus pr\u00e1cticas profesionales en el Hospital General de Perote, de haberla reportado en la Direcci\u00f3n por una presunta agresi\u00f3n f\u00edsica.<\/p>\n\n\n\n<p>\u201cElla se queja de que le jal\u00e9 el brazo, eso es totalmente falso, para empezar ese d\u00eda tuvimos cinco cirug\u00edas, la \u00faltima que sal\u00ed fue a las 14:37 de la tarde, ella ni siquiera estuvo en el quir\u00f3fano, ella estuvo en recuperaci\u00f3n. Ese d\u00eda estuvieron conmigo dos ni\u00f1as, y tengo testigos de que esto es totalmente falso\u201d, refiri\u00f3.<\/p>\n\n\n\n<p>Anteriormente, Soledad Pimentel labor\u00f3 en el Centro de Alta Especialidad (CAE) \u201cDoctor Rafael Lucio\u201d, ubicado en Xalapa, donde atendi\u00f3 a pacientes con Sars-Cov2 (Covid-19) y no hubo quejas por su trabajo.<\/p>\n\n\n\n<p>La mujer present\u00f3 una queja en la Comisi\u00f3n Estatal de Derechos Humanos (CEDH) y en el Instituto Veracruzano de las Mujeres por lo ocurrido, el pasado 28 de abril. Despu\u00e9s de dialogar con personal de la Direcci\u00f3n General de Pol\u00edtica Regional en Palacio de Gobierno este martes, entreg\u00f3 un oficio y las autoridades se comprometieron a dar seguimiento a su caso en la Secretar\u00eda de Salud de Veracruz.<\/p>\n","protected":false},"excerpt":{"rendered":"<p>Juan Arcos Xalapa, Ver.- La enfermera Soledad Pimentel Zilch acudi\u00f3 a Palacio de Gobierno para exigir la intervenci\u00f3n del gobernador Cuitl\u00e1huac Garc\u00eda Jim\u00e9nez, luego de que fuera despedida injustificadamente por denunciar anomal\u00edas en el Hospital General de Perote, como la reutilizaci\u00f3n de jeringas y materiales desechables. La trabajadora exhibi\u00f3 su caso desde ayer 1 de [&hellip;]<\/p>\n","protected":false},"author":2476,"featured_media":40072,"comment_status":"open","ping_status":"open","sticky":false,"template":"","format":"standard","meta":{"_jetpack_memberships_contains_paid_content":false,"footnotes":""},"categories":[9],"tags":[],"class_list":["post-40071","post","type-post","status-publish","format-standard","has-post-thumbnail","hentry","category-salud"],"jetpack_featured_media_url":"https:\/\/encuentroinformativo.com.mx\/wp-content\/uploads\/2023\/05\/82addb33-2d50-4142-aff7-f8da18a4038b2.jpg","jetpack_sharing_enabled":true,"jetpack_likes_enabled":true,"amp_enabled":true,"_links":{"self":[{"href":"https:\/\/encuentroinformativo.com.mx\/index.php?rest_route=\/wp\/v2\/posts\/40071","targetHints":{"allow":["GET"]}}],"collection":[{"href":"https:\/\/encuentroinformativo.com.mx\/index.php?rest_route=\/wp\/v2\/posts"}],"about":[{"href":"https:\/\/encuentroinformativo.com.mx\/index.php?rest_route=\/wp\/v2\/types\/post"}],"author":[{"embeddable":true,"href":"https:\/\/encuentroinformativo.com.mx\/index.php?rest_route=\/wp\/v2\/users\/2476"}],"replies":[{"embeddable":true,"href":"https:\/\/encuentroinformativo.com.mx\/index.php?rest_route=%2Fwp%2Fv2%2Fcomments&post=40071"}],"version-history":[{"count":1,"href":"https:\/\/encuentroinformativo.com.mx\/index.php?rest_route=\/wp\/v2\/posts\/40071\/revisions"}],"predecessor-version":[{"id":40073,"href":"https:\/\/encuentroinformativo.com.mx\/index.php?rest_route=\/wp\/v2\/posts\/40071\/revisions\/40073"}],"wp:featuredmedia":[{"embeddable":true,"href":"https:\/\/encuentroinformativo.com.mx\/index.php?rest_route=\/wp\/v2\/media\/40072"}],"wp:attachment":[{"href":"https:\/\/encuentroinformativo.com.mx\/index.php?rest_route=%2Fwp%2Fv2%2Fmedia&parent=40071"}],"wp:term":[{"taxonomy":"category","embeddable":true,"href":"https:\/\/encuentroinformativo.com.mx\/index.php?rest_route=%2Fwp%2Fv2%2Fcategories&post=40071"},{"taxonomy":"post_tag","embeddable":true,"href":"https:\/\/encuentroinformativo.com.mx\/index.php?rest_route=%2Fwp%2Fv2%2Ftags&post=40071"}],"curies":[{"name":"wp","href":"https:\/\/api.w.org\/{rel}","templated":true}]}}