{"id":40074,"date":"2023-05-02T14:21:21","date_gmt":"2023-05-02T20:21:21","guid":{"rendered":"https:\/\/encuentroinformativo.com.mx\/?p=40074"},"modified":"2023-05-02T14:21:24","modified_gmt":"2023-05-02T20:21:24","slug":"congreso-de-veracruz-definira-comodato-de-recintos-deportivos","status":"publish","type":"post","link":"https:\/\/encuentroinformativo.com.mx\/?p=40074","title":{"rendered":"Congreso de Veracruz definir\u00e1 comodato de recintos deportivos"},"content":{"rendered":"\n<p><strong>Alejandro \u00c1vila<\/strong><\/p>\n\n\n\n<p>Veracruz, Ver.- Ser\u00e1 el Congreso de Veracruz quien apruebe la fecha que durar\u00e1 los comodato de los diversos recintos deportivos en la entidad veracruzana, asegur\u00f3 el secretario de Finanzas y Planeaci\u00f3n (SEFIPLAN), Jos\u00e9 Luis Lima Franco.<\/p>\n\n\n\n<p>Entrevistado posterior a la presentaci\u00f3n del equipo de b\u00e1squetbol femenil Rojas de Veracruz, el funcionario estatal dijo que en pr\u00f3ximas semanas se definir\u00e1 el tiempo en que se le dar\u00e1 en comodato el auditorio &#8220;Benito Ju\u00e1rez&#8221;, al empresario Roberto Alvarado Rosete.<\/p>\n\n\n\n<p>&#8220;La idea es que desde el comodato sea muy espec\u00edfica las cl\u00e1usulas, pero de primera instancia va a ser un plazo determinado no va a ser indefinido como el &#8220;Pirata&#8221; que era siempre y cuando que el equipo permanec\u00eda en primera divisi\u00f3n, eso ya no va a estar, aqu\u00ed va a ser un plazo determinado, ya sea 5, 6, 7, 8, 9 o 10 a\u00f1os, lo que se determine en las pr\u00f3ximas semanas, y de ah\u00ed pues ya tendr\u00e1 que renovarse si es que se renueva (\u2026) s\u00ed, pero eso ya es el clausulado que estar\u00e1 determin\u00e1ndose en coordinaci\u00f3n con el Congreso del Estado&#8221;, asest\u00f3.<\/p>\n\n\n\n<p>Jos\u00e9 Luis Lima Franco, dijo que en el caso del estadio de f\u00fatbol Luis de la Fuente &#8220;Pirata&#8221;, ser\u00e1 hasta que se concluya la obra de remodelaci\u00f3n y se determine quien ser\u00e1 el presidente del nuevo club, cuando se inicien los procesos de sesi\u00f3n en comodato del inmueble.<\/p>\n\n\n\n<p>Finalmente dijo que los recintos deportivos como el estadio de beisbol &#8220;Beto \u00c1vila&#8221;, el estadio de f\u00fatbol, Luis &#8220;Pirata&#8221; de la Fuente, el Nido del Halc\u00f3n en Xalapa, y el auditorio &#8220;Benito Ju\u00e1rez&#8221;, podr\u00e1n ser utilizados por los empresarios para eventos deportivos y art\u00edsticos, una vez que se han aprobados sus respectivos comodatos.<\/p>\n","protected":false},"excerpt":{"rendered":"<p>Alejandro \u00c1vila Veracruz, Ver.- Ser\u00e1 el Congreso de Veracruz quien apruebe la fecha que durar\u00e1 los comodato de los diversos recintos deportivos en la entidad veracruzana, asegur\u00f3 el secretario de Finanzas y Planeaci\u00f3n (SEFIPLAN), Jos\u00e9 Luis Lima Franco. Entrevistado posterior a la presentaci\u00f3n del equipo de b\u00e1squetbol femenil Rojas de Veracruz, el funcionario estatal dijo [&hellip;]<\/p>\n","protected":false},"author":2476,"featured_media":40075,"comment_status":"open","ping_status":"open","sticky":false,"template":"","format":"standard","meta":{"_jetpack_memberships_contains_paid_content":false,"footnotes":""},"categories":[2],"tags":[],"class_list":["post-40074","post","type-post","status-publish","format-standard","has-post-thumbnail","hentry","category-estado"],"jetpack_featured_media_url":"https:\/\/encuentroinformativo.com.mx\/wp-content\/uploads\/2023\/05\/IMG-20230502-WA0077.jpg","jetpack_sharing_enabled":true,"jetpack_likes_enabled":true,"amp_enabled":true,"_links":{"self":[{"href":"https:\/\/encuentroinformativo.com.mx\/index.php?rest_route=\/wp\/v2\/posts\/40074","targetHints":{"allow":["GET"]}}],"collection":[{"href":"https:\/\/encuentroinformativo.com.mx\/index.php?rest_route=\/wp\/v2\/posts"}],"about":[{"href":"https:\/\/encuentroinformativo.com.mx\/index.php?rest_route=\/wp\/v2\/types\/post"}],"author":[{"embeddable":true,"href":"https:\/\/encuentroinformativo.com.mx\/index.php?rest_route=\/wp\/v2\/users\/2476"}],"replies":[{"embeddable":true,"href":"https:\/\/encuentroinformativo.com.mx\/index.php?rest_route=%2Fwp%2Fv2%2Fcomments&post=40074"}],"version-history":[{"count":1,"href":"https:\/\/encuentroinformativo.com.mx\/index.php?rest_route=\/wp\/v2\/posts\/40074\/revisions"}],"predecessor-version":[{"id":40076,"href":"https:\/\/encuentroinformativo.com.mx\/index.php?rest_route=\/wp\/v2\/posts\/40074\/revisions\/40076"}],"wp:featuredmedia":[{"embeddable":true,"href":"https:\/\/encuentroinformativo.com.mx\/index.php?rest_route=\/wp\/v2\/media\/40075"}],"wp:attachment":[{"href":"https:\/\/encuentroinformativo.com.mx\/index.php?rest_route=%2Fwp%2Fv2%2Fmedia&parent=40074"}],"wp:term":[{"taxonomy":"category","embeddable":true,"href":"https:\/\/encuentroinformativo.com.mx\/index.php?rest_route=%2Fwp%2Fv2%2Fcategories&post=40074"},{"taxonomy":"post_tag","embeddable":true,"href":"https:\/\/encuentroinformativo.com.mx\/index.php?rest_route=%2Fwp%2Fv2%2Ftags&post=40074"}],"curies":[{"name":"wp","href":"https:\/\/api.w.org\/{rel}","templated":true}]}}