{"id":4008,"date":"2020-07-10T13:59:37","date_gmt":"2020-07-10T18:59:37","guid":{"rendered":"https:\/\/encuentroinformativo.com\/?p=4008"},"modified":"2020-07-10T13:59:39","modified_gmt":"2020-07-10T18:59:39","slug":"por-contingencia-cancelan-fiestas-patronales-en-xico","status":"publish","type":"post","link":"https:\/\/encuentroinformativo.com.mx\/?p=4008","title":{"rendered":"Por contingencia, cancelan fiestas patronales en Xico"},"content":{"rendered":"\n<p><strong>Juan Arcos <\/strong><\/p>\n\n\n\n<p>Xalapa, Ver.- La presidenta municipal de Xico, Gloria Luz Galv\u00e1n Ordu\u00f1a, anunci\u00f3 la cancelaci\u00f3n de los eventos socioculturales y art\u00edsticos en honor a Santa Mar\u00eda Magdalena de este a\u00f1o.<\/p>\n\n\n\n<p>La decisi\u00f3n fue tomada por la contingencia sanitaria del COVID-19 que mantiene en sem\u00e1foro epidemiol\u00f3gico en color rojo a la entidad veracruzana, de riesgo m\u00e1ximo de contagio.<\/p>\n\n\n\n<p>La Alcaldesa aclar\u00f3 que por primera vez quedaron oficialmente suspendidas todas las actividades y eventos relacionados con la fiesta patronal.<\/p>\n\n\n\n<p>Cabe recordar que la fiesta patronal de Xico es una de las m\u00e1s importantes en la regi\u00f3n capital por la gran cantidad de turismo que arriba a este Pueblo M\u00e1gico.<\/p>\n\n\n\n<p>El lugar destaca por su importante fiesta religiosa, las bebidas tradicionales, como el \u201ctorito\u201d y la \u201cmorita\u201d, as\u00ed como tambi\u00e9n, por la suelta de toros el 22 de julio, evento que ha sido pol\u00e9mico por la violaci\u00f3n a los derechos de ni\u00f1as, ni\u00f1os y adolescentes al ser espectadores de la violencia ejercida contra estos animales.\u00a0<\/p>\n\n\n\n<p>Galv\u00e1n Ordu\u00f1a indic\u00f3 que los integrantes del patronato religioso de Xico ya est\u00e1n enterados de la disposici\u00f3n oficial y se acord\u00f3 no llevar a cabo ninguna actividad que ponga en riesgo la salud de la poblaci\u00f3n.<\/p>\n\n\n\n<p>La edil aclar\u00f3 que no se colocar\u00e1 la alfombra de aserr\u00edn y no habr\u00e1 recorridos en las calles con la imagen de Santa Mar\u00eda Magdalena.\u00a0<br>Cabe recordar que a estas fiestas acuden diariamente hasta 120 mil visitantes, del 19 al 22 de julio.<\/p>\n\n\n\n<p><\/p>\n","protected":false},"excerpt":{"rendered":"<p>Juan Arcos Xalapa, Ver.- La presidenta municipal de Xico, Gloria Luz Galv\u00e1n Ordu\u00f1a, anunci\u00f3 la cancelaci\u00f3n de los eventos socioculturales y art\u00edsticos en honor a Santa Mar\u00eda Magdalena de este a\u00f1o. La decisi\u00f3n fue tomada por la contingencia sanitaria del COVID-19 que mantiene en sem\u00e1foro epidemiol\u00f3gico en color rojo a la entidad veracruzana, de riesgo [&hellip;]<\/p>\n","protected":false},"author":1,"featured_media":4007,"comment_status":"open","ping_status":"open","sticky":false,"template":"","format":"standard","meta":{"_jetpack_memberships_contains_paid_content":false,"footnotes":""},"categories":[8],"tags":[],"class_list":["post-4008","post","type-post","status-publish","format-standard","has-post-thumbnail","hentry","category-region"],"jetpack_featured_media_url":"https:\/\/encuentroinformativo.com.mx\/wp-content\/uploads\/2020\/07\/0B27118B-11E5-4EE2-A913-4FD828F028BB.jpeg","jetpack_sharing_enabled":true,"jetpack_likes_enabled":true,"amp_enabled":true,"_links":{"self":[{"href":"https:\/\/encuentroinformativo.com.mx\/index.php?rest_route=\/wp\/v2\/posts\/4008","targetHints":{"allow":["GET"]}}],"collection":[{"href":"https:\/\/encuentroinformativo.com.mx\/index.php?rest_route=\/wp\/v2\/posts"}],"about":[{"href":"https:\/\/encuentroinformativo.com.mx\/index.php?rest_route=\/wp\/v2\/types\/post"}],"author":[{"embeddable":true,"href":"https:\/\/encuentroinformativo.com.mx\/index.php?rest_route=\/wp\/v2\/users\/1"}],"replies":[{"embeddable":true,"href":"https:\/\/encuentroinformativo.com.mx\/index.php?rest_route=%2Fwp%2Fv2%2Fcomments&post=4008"}],"version-history":[{"count":1,"href":"https:\/\/encuentroinformativo.com.mx\/index.php?rest_route=\/wp\/v2\/posts\/4008\/revisions"}],"predecessor-version":[{"id":4009,"href":"https:\/\/encuentroinformativo.com.mx\/index.php?rest_route=\/wp\/v2\/posts\/4008\/revisions\/4009"}],"wp:featuredmedia":[{"embeddable":true,"href":"https:\/\/encuentroinformativo.com.mx\/index.php?rest_route=\/wp\/v2\/media\/4007"}],"wp:attachment":[{"href":"https:\/\/encuentroinformativo.com.mx\/index.php?rest_route=%2Fwp%2Fv2%2Fmedia&parent=4008"}],"wp:term":[{"taxonomy":"category","embeddable":true,"href":"https:\/\/encuentroinformativo.com.mx\/index.php?rest_route=%2Fwp%2Fv2%2Fcategories&post=4008"},{"taxonomy":"post_tag","embeddable":true,"href":"https:\/\/encuentroinformativo.com.mx\/index.php?rest_route=%2Fwp%2Fv2%2Ftags&post=4008"}],"curies":[{"name":"wp","href":"https:\/\/api.w.org\/{rel}","templated":true}]}}