{"id":40083,"date":"2023-05-02T15:36:10","date_gmt":"2023-05-02T21:36:10","guid":{"rendered":"https:\/\/encuentroinformativo.com.mx\/?p=40083"},"modified":"2023-05-02T15:36:13","modified_gmt":"2023-05-02T21:36:13","slug":"ople-se-excedio-busca-censurar-a-medios-mc","status":"publish","type":"post","link":"https:\/\/encuentroinformativo.com.mx\/?p=40083","title":{"rendered":"OPLE se excedi\u00f3, busca censurar a medios: MC"},"content":{"rendered":"\n<p><strong>Dar\u00edo Pale <\/strong><\/p>\n\n\n\n<p>Xalapa, Ver.- El dirigente estatal del partido Movimiento Ciudadano (MC) Sergio Gil Rull\u00e1n dio a conocer que el Organismo P\u00fablico Local Electoral (OPLE), se excedi\u00f3 al imponer medidas cautelares a medios de comunicaci\u00f3n, cuando deber\u00edan de ser al tercero.<\/p>\n\n\n\n<p>En conferencia de prensa expres\u00f3 que el OPLE abus\u00f3 al emitir medidas cautelares en contra de diversos medios de comunicaci\u00f3n al haber publicado declaraciones del secretario de Gobierno, Eric Cisneros en contra de la diputada Ruth Callejas.<\/p>\n\n\n\n<p>Afirm\u00f3 que en ning\u00fan momento la diputada us\u00f3 a los medios de comunicaci\u00f3n para censurarlos, sino los dichos expl\u00edcitos de terceros aplicados en medios.<\/p>\n\n\n\n<p>&#8220;Nosotros en ning\u00fan momento pedimos la medida cautelar de que se censurara la prensa. La prensa no tiene la culpa de haber dicho lo que otros maldijeron y por eso no acompa\u00f1amos en eso. Es un abuso por parte del OPLE en las medidas cautelares contra los medios de comunicaci\u00f3n y no sancionar a quien lo dijo&#8221;, se\u00f1al\u00f3.<\/p>\n\n\n\n<p>Finalmente sostuvo que la legisladora ha sido valiente enfrent\u00e1ndose a un secretario que la quiso hacer menos porque no pod\u00eda contestarle a sus cuestionamientos y que ahora tiene que responder ante el OPLE y ante el Tribunal en su momento.<\/p>\n","protected":false},"excerpt":{"rendered":"<p>Dar\u00edo Pale Xalapa, Ver.- El dirigente estatal del partido Movimiento Ciudadano (MC) Sergio Gil Rull\u00e1n dio a conocer que el Organismo P\u00fablico Local Electoral (OPLE), se excedi\u00f3 al imponer medidas cautelares a medios de comunicaci\u00f3n, cuando deber\u00edan de ser al tercero. En conferencia de prensa expres\u00f3 que el OPLE abus\u00f3 al emitir medidas cautelares en [&hellip;]<\/p>\n","protected":false},"author":2476,"featured_media":40084,"comment_status":"open","ping_status":"open","sticky":false,"template":"","format":"standard","meta":{"_jetpack_memberships_contains_paid_content":false,"footnotes":""},"categories":[2],"tags":[],"class_list":["post-40083","post","type-post","status-publish","format-standard","has-post-thumbnail","hentry","category-estado"],"jetpack_featured_media_url":"https:\/\/encuentroinformativo.com.mx\/wp-content\/uploads\/2023\/05\/IMG-20230502-WA0106.jpg","jetpack_sharing_enabled":true,"jetpack_likes_enabled":true,"amp_enabled":true,"_links":{"self":[{"href":"https:\/\/encuentroinformativo.com.mx\/index.php?rest_route=\/wp\/v2\/posts\/40083","targetHints":{"allow":["GET"]}}],"collection":[{"href":"https:\/\/encuentroinformativo.com.mx\/index.php?rest_route=\/wp\/v2\/posts"}],"about":[{"href":"https:\/\/encuentroinformativo.com.mx\/index.php?rest_route=\/wp\/v2\/types\/post"}],"author":[{"embeddable":true,"href":"https:\/\/encuentroinformativo.com.mx\/index.php?rest_route=\/wp\/v2\/users\/2476"}],"replies":[{"embeddable":true,"href":"https:\/\/encuentroinformativo.com.mx\/index.php?rest_route=%2Fwp%2Fv2%2Fcomments&post=40083"}],"version-history":[{"count":1,"href":"https:\/\/encuentroinformativo.com.mx\/index.php?rest_route=\/wp\/v2\/posts\/40083\/revisions"}],"predecessor-version":[{"id":40085,"href":"https:\/\/encuentroinformativo.com.mx\/index.php?rest_route=\/wp\/v2\/posts\/40083\/revisions\/40085"}],"wp:featuredmedia":[{"embeddable":true,"href":"https:\/\/encuentroinformativo.com.mx\/index.php?rest_route=\/wp\/v2\/media\/40084"}],"wp:attachment":[{"href":"https:\/\/encuentroinformativo.com.mx\/index.php?rest_route=%2Fwp%2Fv2%2Fmedia&parent=40083"}],"wp:term":[{"taxonomy":"category","embeddable":true,"href":"https:\/\/encuentroinformativo.com.mx\/index.php?rest_route=%2Fwp%2Fv2%2Fcategories&post=40083"},{"taxonomy":"post_tag","embeddable":true,"href":"https:\/\/encuentroinformativo.com.mx\/index.php?rest_route=%2Fwp%2Fv2%2Ftags&post=40083"}],"curies":[{"name":"wp","href":"https:\/\/api.w.org\/{rel}","templated":true}]}}