{"id":40096,"date":"2023-05-03T09:31:35","date_gmt":"2023-05-03T15:31:35","guid":{"rendered":"https:\/\/encuentroinformativo.com.mx\/?p=40096"},"modified":"2023-05-03T09:31:39","modified_gmt":"2023-05-03T15:31:39","slug":"denunciaran-ante-la-sev-a-escuela-que-extravio-a-matias-dif-de-veracruz","status":"publish","type":"post","link":"https:\/\/encuentroinformativo.com.mx\/?p=40096","title":{"rendered":"Denunciar\u00e1n ante la SEV a escuela que extrav\u00edo a Mat\u00edas: DIF de Veracruz"},"content":{"rendered":"\n<p><strong>Alejandro \u00c1vila<\/strong><\/p>\n\n\n\n<p>Veracruz, Ver.- La directora del DIF Municipal de Veracruz, X\u00f3chitl Arzaba Hern\u00e1ndez, confirm\u00f3 que le brindar\u00e1n acompa\u00f1amiento a la familia del peque\u00f1o, Mat\u00edas, la cual har\u00e1 la denuncia pertinente ante la Secretar\u00eda de Educaci\u00f3n de Veracruz (SEV), en contra de la instituci\u00f3n educativa qu\u00e9 extravi\u00f3 a su hijo.<\/p>\n\n\n\n<p>Es de mencionar que la tarde de este martes las redes sociales y grupos de WhatsApp se inundaron de mensajes de alerta, pues informaban sobre la presencia de un peque\u00f1o de 3 a\u00f1os deambulando sin rumbo sobre la avenida Lafragua en el municipio de Veracruz.<\/p>\n\n\n\n<p>Personal de la escuela Queen Elizabeth, ubicado sobre la avenida Lafragua casi esquina Sim\u00f3n Bol\u00edvar, vio al peque\u00f1o solo en la calle y lo resguard\u00f3 para dar aviso a las autoridades, a trav\u00e9s del n\u00famero de emergencias 911<\/p>\n\n\n\n<p>&#8220;De inmediato el personal del equipo de la procuradur\u00eda, a cargo de Ibis Dom\u00ednguez Maldonado, se ubic\u00f3 en el lugar para auxiliar al menor y realizar la investigaci\u00f3n de campo pertinente, en unos minutos llego a la zona a la familia a quienes se les entrevist\u00f3 y acreditaron el parentesco, y nos confirmaban que el ni\u00f1o estudia en uno de los colegios aleda\u00f1os y que se hab\u00eda salido del mismo&#8221;.<\/p>\n\n\n\n<p>&#8220;Las acciones por parte de esta Procuradur\u00eda del Menor a cargo del DIF Municipal fue brindarle la atenci\u00f3n y la seguridad al infante quien en todo momento estuvo tranquilo y, lo m\u00e1s importante es que tras la llegada de la familia ya acreditarse su parentesco, se le entreg\u00f3 a su mami, todo este procedimiento se realiz\u00f3 en las instalaciones que ocupa el C5. Por lo pronto nosotros seguimos en comunicaci\u00f3n con la familia para determinar las acciones legales a emprender, y as\u00ed se buscar\u00e1 hacer de conocimiento del hecho a la Secretar\u00eda de Educaci\u00f3n de Veracruz a trav\u00e9s de la delegaci\u00f3n regional, para que a trav\u00e9s de los protocolos y normatividad aplicable que ellos tienen, pues de ser procedente se apliquen las acciones legales o administrativas ha dicho colegio&#8221;, subray\u00f3 la funcionaria municipal, X\u00f3chitl Arzaba Hern\u00e1ndez.<\/p>\n","protected":false},"excerpt":{"rendered":"<p>Alejandro \u00c1vila Veracruz, Ver.- La directora del DIF Municipal de Veracruz, X\u00f3chitl Arzaba Hern\u00e1ndez, confirm\u00f3 que le brindar\u00e1n acompa\u00f1amiento a la familia del peque\u00f1o, Mat\u00edas, la cual har\u00e1 la denuncia pertinente ante la Secretar\u00eda de Educaci\u00f3n de Veracruz (SEV), en contra de la instituci\u00f3n educativa qu\u00e9 extravi\u00f3 a su hijo. Es de mencionar que la [&hellip;]<\/p>\n","protected":false},"author":2476,"featured_media":40097,"comment_status":"open","ping_status":"open","sticky":false,"template":"","format":"standard","meta":{"_jetpack_memberships_contains_paid_content":false,"footnotes":""},"categories":[2],"tags":[],"class_list":["post-40096","post","type-post","status-publish","format-standard","has-post-thumbnail","hentry","category-estado"],"jetpack_featured_media_url":"https:\/\/encuentroinformativo.com.mx\/wp-content\/uploads\/2023\/05\/IMG-20230503-WA0000.jpg","jetpack_sharing_enabled":true,"jetpack_likes_enabled":true,"amp_enabled":true,"_links":{"self":[{"href":"https:\/\/encuentroinformativo.com.mx\/index.php?rest_route=\/wp\/v2\/posts\/40096","targetHints":{"allow":["GET"]}}],"collection":[{"href":"https:\/\/encuentroinformativo.com.mx\/index.php?rest_route=\/wp\/v2\/posts"}],"about":[{"href":"https:\/\/encuentroinformativo.com.mx\/index.php?rest_route=\/wp\/v2\/types\/post"}],"author":[{"embeddable":true,"href":"https:\/\/encuentroinformativo.com.mx\/index.php?rest_route=\/wp\/v2\/users\/2476"}],"replies":[{"embeddable":true,"href":"https:\/\/encuentroinformativo.com.mx\/index.php?rest_route=%2Fwp%2Fv2%2Fcomments&post=40096"}],"version-history":[{"count":1,"href":"https:\/\/encuentroinformativo.com.mx\/index.php?rest_route=\/wp\/v2\/posts\/40096\/revisions"}],"predecessor-version":[{"id":40098,"href":"https:\/\/encuentroinformativo.com.mx\/index.php?rest_route=\/wp\/v2\/posts\/40096\/revisions\/40098"}],"wp:featuredmedia":[{"embeddable":true,"href":"https:\/\/encuentroinformativo.com.mx\/index.php?rest_route=\/wp\/v2\/media\/40097"}],"wp:attachment":[{"href":"https:\/\/encuentroinformativo.com.mx\/index.php?rest_route=%2Fwp%2Fv2%2Fmedia&parent=40096"}],"wp:term":[{"taxonomy":"category","embeddable":true,"href":"https:\/\/encuentroinformativo.com.mx\/index.php?rest_route=%2Fwp%2Fv2%2Fcategories&post=40096"},{"taxonomy":"post_tag","embeddable":true,"href":"https:\/\/encuentroinformativo.com.mx\/index.php?rest_route=%2Fwp%2Fv2%2Ftags&post=40096"}],"curies":[{"name":"wp","href":"https:\/\/api.w.org\/{rel}","templated":true}]}}