{"id":4010,"date":"2020-07-10T15:07:01","date_gmt":"2020-07-10T20:07:01","guid":{"rendered":"https:\/\/encuentroinformativo.com\/?p=4010"},"modified":"2020-07-10T15:07:03","modified_gmt":"2020-07-10T20:07:03","slug":"reclaman-colonos-exclusion-de-programas-sociales-del-dif","status":"publish","type":"post","link":"https:\/\/encuentroinformativo.com.mx\/?p=4010","title":{"rendered":"Reclaman colonos exclusi\u00f3n de programas sociales del DIF"},"content":{"rendered":"\n<p><strong>Dar\u00edo Pale <\/strong><\/p>\n\n\n\n<p>Xalapa, Ver.- La representante de la Asociaci\u00f3n Civil &#8220;Renovaci\u00f3n Veracruzana&#8221;, Arely Hern\u00e1ndez Alvarado, acompa\u00f1a de habitantes de diferentes colonias se manifestaron en las afueras del Sistema Estatal para el Desarrollo Integral de la Familia (DIF), para denunciar que han sido eliminados de los programas para la entrega de estufas ecol\u00f3gicas, l\u00e1minas y tinacos.<\/p>\n\n\n\n<p>Un promedio de 60 colonos arribaron a las un poco despu\u00e9s de las 12:00 horas a las instalaciones ubicadas en el Boulevard Xalapa-Coatepec, frente al vel\u00f3dromo, donde realizaron se\u00f1alamientos en contra de la dependencia estatal.<\/p>\n\n\n\n<p>Arely Hern\u00e1ndez dio a conocer que fue contactada por la diputada local del Movimiento de Regeneraci\u00f3n Nacional (Morena), Ana Miriam Ferr\u00e1ez Centeno para meter la solicitudes al DIF.<\/p>\n\n\n\n<p>&#8220;Se le iba a dar a la gente, apoyos de tinacos, l\u00e1minas y estufas ecol\u00f3gicas. Es un trabajo que debi\u00f3 hacer el DIF Estatal en 2019, pero como no lo hicieron porque no tienen la capacidad ni la gente, o no tuvieron la voluntad de apoyar las necesidades de los xalape\u00f1os, nos dieron a que llen\u00e1ramos toda esa papeler\u00eda con fecha del 18 de septiembre de 2019&#8221;, se\u00f1al\u00f3.<\/p>\n\n\n\n<p>Explic\u00f3 que se hizo todo el concentrado para apoyar a los ciudadanos, sin embargo le indicaron que se har\u00eda la entrega de los beneficios pero la diputada de Morena, sugiri\u00f3 que no acudiera en representaci\u00f3n de la organizaci\u00f3n o se cancelar\u00edan las entregas.<\/p>\n\n\n\n<p>Pero en la colonia Unidad y Progreso as\u00ed como en la congregaci\u00f3n El Castillo, se quejaron de una ciudadana quien se dedic\u00f3 a borrar a gente que ya estaba en lista de espera &#8220;de gente que confi\u00f3 en nosotros y que acudi\u00f3 a sacar sus papeles, a reunirlos&#8221;.<\/p>\n\n\n\n<p>&#8220;Les servimos para que ese dinero no se regresara a M\u00e9xico porque no ten\u00edan la chamba de c\u00f3mo respaldarlo y ahora que ya lo hicimos est\u00e1n sacando a la gente&#8221;, dijo durante la protesta en el DIF Estatal.<\/p>\n\n\n\n<p>Ah\u00ed solicitaron la presencia de Nitzia Guerrero, directora de Atenci\u00f3n a Poblaci\u00f3n Vulnerable del DIF, para que respondan por estas acciones que fueron se\u00f1aladas como arbitrarias, adem\u00e1s de considerar que las listas ser\u00edan utilizadas de manera electoral para Morena.<\/p>\n\n\n\n<p>&#8220;Porque saben que en Xalapa est\u00e1n acabados&#8221;, aunque expuso que en algunas colonias si han hecho las entregas de los apoyoss como por ejemplo en Carolino Anaya y 21 de Marzo &#8220;pero la mayor\u00eda lo est\u00e1n repartiendo a quienes ellos quieren y est\u00e1n metiendo a su familia&#8221;.<\/p>\n\n\n\n<p>Por \u00faltimo los inconformes indicaron que los apoyos est\u00e1n siendo desviados &#8220;est\u00e1n desesperados \u00a0(&#8230;) no se puede usar a la gente para sus malditas porquer\u00edas. Todo de lo que se quejaban del PRI, lo estamos viendo y m\u00e1s puerco todav\u00eda&#8221;.<\/p>\n\n\n\n<p><\/p>\n","protected":false},"excerpt":{"rendered":"<p>Dar\u00edo Pale Xalapa, Ver.- La representante de la Asociaci\u00f3n Civil &#8220;Renovaci\u00f3n Veracruzana&#8221;, Arely Hern\u00e1ndez Alvarado, acompa\u00f1a de habitantes de diferentes colonias se manifestaron en las afueras del Sistema Estatal para el Desarrollo Integral de la Familia (DIF), para denunciar que han sido eliminados de los programas para la entrega de estufas ecol\u00f3gicas, l\u00e1minas y tinacos. [&hellip;]<\/p>\n","protected":false},"author":1,"featured_media":4011,"comment_status":"open","ping_status":"open","sticky":false,"template":"","format":"standard","meta":{"_jetpack_memberships_contains_paid_content":false,"footnotes":""},"categories":[3],"tags":[],"class_list":["post-4010","post","type-post","status-publish","format-standard","has-post-thumbnail","hentry","category-xalapa"],"jetpack_featured_media_url":"https:\/\/encuentroinformativo.com.mx\/wp-content\/uploads\/2020\/07\/91B92350-012D-44C3-8BC0-10314E1CB493.jpeg","jetpack_sharing_enabled":true,"jetpack_likes_enabled":true,"amp_enabled":true,"_links":{"self":[{"href":"https:\/\/encuentroinformativo.com.mx\/index.php?rest_route=\/wp\/v2\/posts\/4010","targetHints":{"allow":["GET"]}}],"collection":[{"href":"https:\/\/encuentroinformativo.com.mx\/index.php?rest_route=\/wp\/v2\/posts"}],"about":[{"href":"https:\/\/encuentroinformativo.com.mx\/index.php?rest_route=\/wp\/v2\/types\/post"}],"author":[{"embeddable":true,"href":"https:\/\/encuentroinformativo.com.mx\/index.php?rest_route=\/wp\/v2\/users\/1"}],"replies":[{"embeddable":true,"href":"https:\/\/encuentroinformativo.com.mx\/index.php?rest_route=%2Fwp%2Fv2%2Fcomments&post=4010"}],"version-history":[{"count":1,"href":"https:\/\/encuentroinformativo.com.mx\/index.php?rest_route=\/wp\/v2\/posts\/4010\/revisions"}],"predecessor-version":[{"id":4012,"href":"https:\/\/encuentroinformativo.com.mx\/index.php?rest_route=\/wp\/v2\/posts\/4010\/revisions\/4012"}],"wp:featuredmedia":[{"embeddable":true,"href":"https:\/\/encuentroinformativo.com.mx\/index.php?rest_route=\/wp\/v2\/media\/4011"}],"wp:attachment":[{"href":"https:\/\/encuentroinformativo.com.mx\/index.php?rest_route=%2Fwp%2Fv2%2Fmedia&parent=4010"}],"wp:term":[{"taxonomy":"category","embeddable":true,"href":"https:\/\/encuentroinformativo.com.mx\/index.php?rest_route=%2Fwp%2Fv2%2Fcategories&post=4010"},{"taxonomy":"post_tag","embeddable":true,"href":"https:\/\/encuentroinformativo.com.mx\/index.php?rest_route=%2Fwp%2Fv2%2Ftags&post=4010"}],"curies":[{"name":"wp","href":"https:\/\/api.w.org\/{rel}","templated":true}]}}