{"id":40111,"date":"2023-05-03T11:55:19","date_gmt":"2023-05-03T17:55:19","guid":{"rendered":"https:\/\/encuentroinformativo.com.mx\/?p=40111"},"modified":"2023-05-03T11:55:23","modified_gmt":"2023-05-03T17:55:23","slug":"con-protesta-rechazan-en-inecol-nueva-ley-de-ciencia","status":"publish","type":"post","link":"https:\/\/encuentroinformativo.com.mx\/?p=40111","title":{"rendered":"Con protesta, rechazan en INECOL nueva Ley de Ciencia"},"content":{"rendered":"\n<p><strong>Juan Arcos <\/strong><\/p>\n\n\n\n<p>Xalapa, Ver.- Personal del Instituto Nacional de Ecolog\u00eda (Inecol) inici\u00f3 una serie de protestas, en rechazo a la nueva Ley de Ciencia y Tecnolog\u00eda aprobada la semana pasada por los diputados federales y senadores.<\/p>\n\n\n\n<p>Un peque\u00f1o grupo de investigadores se manifest\u00f3 afuera del edificio del Inecol durante el mediod\u00eda del martes 2 de mayo, sobre la carretera antigua a Coatepec, en la zona de Briones.<\/p>\n\n\n\n<p>Despu\u00e9s de esas acciones, denunciaron que fueron intimidados por dos patrullas de la Secretar\u00eda de Seguridad P\u00fablica (SSP) y de la Polic\u00eda Municipal de Coatepec.<\/p>\n\n\n\n<p>Cabe recordar que, desde la semana pasada, acad\u00e9micos e investigadores alzaron la voz contra la nueva Ley de Ciencia y Tecnolog\u00eda. Adem\u00e1s, convocaron a un paro nacional de universidades, centros de investigaci\u00f3n e instituciones p\u00fablicas y privadas para el 2 mayo.<\/p>\n\n\n\n<p>Para atender dicha convocatoria, los acad\u00e9micos del Inecol decidieron protestar con pancartas y sumarse a la lucha nacional contra dichas modificaciones legislativas.<\/p>\n\n\n\n<p>La Ley General en materia de Humanidades, Ciencias, Tecnolog\u00edas e Innovaci\u00f3n elimina todos los fideicomisos al interior del Consejo Nacional de Ciencia y Tecnolog\u00eda (Conacyt).<\/p>\n\n\n\n<p>Adem\u00e1s, contar\u00e1 con una Junta de Gobierno integrada por la Sedena, Marina, las Secretar\u00edas de Agricultura y Desarrollo Rural, Bienestar, Infraestructura, Comunicaciones y Transportes, Cultura, Econom\u00eda, Educaci\u00f3n P\u00fablica, Energ\u00eda, Hacienda y Cr\u00e9dito P\u00fablico, Medio Ambiente y Recursos Naturales, Relaciones Exteriores, y de Salud, con injerencia en el presupuesto y temas relacionados con el desarrollo de la ciencia y la tecnolog\u00eda del pa\u00eds, donde los acad\u00e9micos y cient\u00edficos no tendr\u00e1n voto.<\/p>\n\n\n\n<p>\u201cProtestamos para rechazar la ley de Ciencia y Tecnolog\u00eda aprobada la semana pasada, primero por los diputados de los diputados del Verde, Morena y PT y luego por los senadores del mismo partido\u201d, expresaron los acad\u00e9micos del Inecol.<br>Tambi\u00e9n acusaron que los polic\u00edas que llegaron cuando se manifestaban, les tomaron fotograf\u00edas y les cuestionaron los motivos de la movilizaci\u00f3n, lo que consideraron como un acto intimidatorio.<\/p>\n\n\n\n<p>\u201cNos tomaron fotograf\u00edas, nos cuestionaron que qu\u00e9 hac\u00edamos ah\u00ed y varias preguntas, y se pararon del lado del Inecol, luego se fueron a enfrente y ah\u00ed estuvieron parados mientras nosotros nos manifest\u00e1bamos, lo vimos como una intimidaci\u00f3n por las fotos que nos tomaron, al final se fueron\u201d, detallaron.<\/p>\n\n\n\n<p>El personal del Inecol no descart\u00f3 la posibilidad de que se sumen a m\u00e1s manifestaciones para defender el presupuesto del Conacyt.<\/p>\n\n\n\n<p>\u201cProtestamos para rechazar la nueva ley de ciencia y tecnolog\u00eda que fue aprobada la semana pasada por los diputados de los partidos Morena, Verde Ecologista y el PT, y posteriormente el viernes por la madrugada, y en medio de una serie de irregularidades, por los senadores de ese mismo partido\u201d, indicaron.<\/p>\n","protected":false},"excerpt":{"rendered":"<p>Juan Arcos Xalapa, Ver.- Personal del Instituto Nacional de Ecolog\u00eda (Inecol) inici\u00f3 una serie de protestas, en rechazo a la nueva Ley de Ciencia y Tecnolog\u00eda aprobada la semana pasada por los diputados federales y senadores. Un peque\u00f1o grupo de investigadores se manifest\u00f3 afuera del edificio del Inecol durante el mediod\u00eda del martes 2 de [&hellip;]<\/p>\n","protected":false},"author":2476,"featured_media":40112,"comment_status":"open","ping_status":"open","sticky":false,"template":"","format":"standard","meta":{"_jetpack_memberships_contains_paid_content":false,"footnotes":""},"categories":[8],"tags":[],"class_list":["post-40111","post","type-post","status-publish","format-standard","has-post-thumbnail","hentry","category-region"],"jetpack_featured_media_url":"https:\/\/encuentroinformativo.com.mx\/wp-content\/uploads\/2023\/05\/60fd3d0b-10a2-4a28-a509-7cacf74e7bdb2.jpg","jetpack_sharing_enabled":true,"jetpack_likes_enabled":true,"amp_enabled":true,"_links":{"self":[{"href":"https:\/\/encuentroinformativo.com.mx\/index.php?rest_route=\/wp\/v2\/posts\/40111","targetHints":{"allow":["GET"]}}],"collection":[{"href":"https:\/\/encuentroinformativo.com.mx\/index.php?rest_route=\/wp\/v2\/posts"}],"about":[{"href":"https:\/\/encuentroinformativo.com.mx\/index.php?rest_route=\/wp\/v2\/types\/post"}],"author":[{"embeddable":true,"href":"https:\/\/encuentroinformativo.com.mx\/index.php?rest_route=\/wp\/v2\/users\/2476"}],"replies":[{"embeddable":true,"href":"https:\/\/encuentroinformativo.com.mx\/index.php?rest_route=%2Fwp%2Fv2%2Fcomments&post=40111"}],"version-history":[{"count":1,"href":"https:\/\/encuentroinformativo.com.mx\/index.php?rest_route=\/wp\/v2\/posts\/40111\/revisions"}],"predecessor-version":[{"id":40113,"href":"https:\/\/encuentroinformativo.com.mx\/index.php?rest_route=\/wp\/v2\/posts\/40111\/revisions\/40113"}],"wp:featuredmedia":[{"embeddable":true,"href":"https:\/\/encuentroinformativo.com.mx\/index.php?rest_route=\/wp\/v2\/media\/40112"}],"wp:attachment":[{"href":"https:\/\/encuentroinformativo.com.mx\/index.php?rest_route=%2Fwp%2Fv2%2Fmedia&parent=40111"}],"wp:term":[{"taxonomy":"category","embeddable":true,"href":"https:\/\/encuentroinformativo.com.mx\/index.php?rest_route=%2Fwp%2Fv2%2Fcategories&post=40111"},{"taxonomy":"post_tag","embeddable":true,"href":"https:\/\/encuentroinformativo.com.mx\/index.php?rest_route=%2Fwp%2Fv2%2Ftags&post=40111"}],"curies":[{"name":"wp","href":"https:\/\/api.w.org\/{rel}","templated":true}]}}