{"id":40114,"date":"2023-05-03T11:57:35","date_gmt":"2023-05-03T17:57:35","guid":{"rendered":"https:\/\/encuentroinformativo.com.mx\/?p=40114"},"modified":"2023-05-03T11:57:39","modified_gmt":"2023-05-03T17:57:39","slug":"diep-sancionaria-a-kinder-privado-que-extravio-a-nino-en-veracruz-puerto","status":"publish","type":"post","link":"https:\/\/encuentroinformativo.com.mx\/?p=40114","title":{"rendered":"DIEP sancionar\u00eda a kinder privado que extravi\u00f3 a ni\u00f1o en Veracruz puerto"},"content":{"rendered":"\n<p><strong>Alejandro \u00c1vila<\/strong><\/p>\n\n\n\n<p>Veracruz, Ver.- La delegada de la SEV, Diana Santiago Huesca, dijo que el \u00e1rea a su cargo no es un ente sancionador, aunque reconoci\u00f3 el k\u00ednder privado que extravi\u00f3 a un menor de edad la tarde de este martes en Veracruz puerto, debe ser sancionado por omisi\u00f3n.<\/p>\n\n\n\n<p>Agreg\u00f3 que personal de la delegaci\u00f3n de la SEV en Veracruz, se encuentra realizando la investigaci\u00f3n sobre los motivos por el cual el peque\u00f1o sali\u00f3 de la instituci\u00f3n educativa sin ser visto por docentes y guardias de seguridad; toda esta informaci\u00f3n, dijo ser\u00e1 entregada a la Direcci\u00f3n de Incorporaci\u00f3n de Escuelas Particulares (DIEP).<\/p>\n\n\n\n<p>&#8220;Gracias a la instalaci\u00f3n de las mesas interinstitucionales que tenemos, tenemos una excelente coordinaci\u00f3n con la Procuradur\u00eda del Menor, quienes desde ayer intervinieron de manera oportuna y fueron quienes al final entregaron a Mat\u00edas a sus pap\u00e1s. Entonces quiero que sepan que no se va a ocultar nada, toda la informaci\u00f3n haremos llegar con oportunidad, y ya ser\u00e1 la DIEP quien determine el tipo de sanci\u00f3n que tendr\u00e1 la escuela, que obviamente la tendr\u00e1, porque fue un tema horrible que pudo haber tenido otras consecuencias que afortunadamente no sucedieron, pero es algo que tiene que quedar como ejemplo para todas las escuelas, del cuidado y la responsabilidad que debemos de tener para con nuestros alumnos&#8221;, puntualiz\u00f3.<\/p>\n\n\n\n<p>Diana Santiago, agreg\u00f3 que la aplicaci\u00f3n de protocolos ya se implement\u00f3 a trav\u00e9s de la Supervisi\u00f3n Escolar, misma que se encuentra directamente recabando toda la informaci\u00f3n sobre el lamentable hecho sucedido la tarde de este martes en el jard\u00edn de ni\u00f1os del Instituto Mexicano Americano (IMA).<\/p>\n","protected":false},"excerpt":{"rendered":"<p>Alejandro \u00c1vila Veracruz, Ver.- La delegada de la SEV, Diana Santiago Huesca, dijo que el \u00e1rea a su cargo no es un ente sancionador, aunque reconoci\u00f3 el k\u00ednder privado que extravi\u00f3 a un menor de edad la tarde de este martes en Veracruz puerto, debe ser sancionado por omisi\u00f3n. Agreg\u00f3 que personal de la delegaci\u00f3n [&hellip;]<\/p>\n","protected":false},"author":2476,"featured_media":40115,"comment_status":"open","ping_status":"open","sticky":false,"template":"","format":"standard","meta":{"_jetpack_memberships_contains_paid_content":false,"footnotes":""},"categories":[2],"tags":[],"class_list":["post-40114","post","type-post","status-publish","format-standard","has-post-thumbnail","hentry","category-estado"],"jetpack_featured_media_url":"https:\/\/encuentroinformativo.com.mx\/wp-content\/uploads\/2023\/05\/IMG-20230503-WA0047.jpg","jetpack_sharing_enabled":true,"jetpack_likes_enabled":true,"amp_enabled":true,"_links":{"self":[{"href":"https:\/\/encuentroinformativo.com.mx\/index.php?rest_route=\/wp\/v2\/posts\/40114","targetHints":{"allow":["GET"]}}],"collection":[{"href":"https:\/\/encuentroinformativo.com.mx\/index.php?rest_route=\/wp\/v2\/posts"}],"about":[{"href":"https:\/\/encuentroinformativo.com.mx\/index.php?rest_route=\/wp\/v2\/types\/post"}],"author":[{"embeddable":true,"href":"https:\/\/encuentroinformativo.com.mx\/index.php?rest_route=\/wp\/v2\/users\/2476"}],"replies":[{"embeddable":true,"href":"https:\/\/encuentroinformativo.com.mx\/index.php?rest_route=%2Fwp%2Fv2%2Fcomments&post=40114"}],"version-history":[{"count":1,"href":"https:\/\/encuentroinformativo.com.mx\/index.php?rest_route=\/wp\/v2\/posts\/40114\/revisions"}],"predecessor-version":[{"id":40116,"href":"https:\/\/encuentroinformativo.com.mx\/index.php?rest_route=\/wp\/v2\/posts\/40114\/revisions\/40116"}],"wp:featuredmedia":[{"embeddable":true,"href":"https:\/\/encuentroinformativo.com.mx\/index.php?rest_route=\/wp\/v2\/media\/40115"}],"wp:attachment":[{"href":"https:\/\/encuentroinformativo.com.mx\/index.php?rest_route=%2Fwp%2Fv2%2Fmedia&parent=40114"}],"wp:term":[{"taxonomy":"category","embeddable":true,"href":"https:\/\/encuentroinformativo.com.mx\/index.php?rest_route=%2Fwp%2Fv2%2Fcategories&post=40114"},{"taxonomy":"post_tag","embeddable":true,"href":"https:\/\/encuentroinformativo.com.mx\/index.php?rest_route=%2Fwp%2Fv2%2Ftags&post=40114"}],"curies":[{"name":"wp","href":"https:\/\/api.w.org\/{rel}","templated":true}]}}