{"id":40124,"date":"2023-05-03T12:36:46","date_gmt":"2023-05-03T18:36:46","guid":{"rendered":"https:\/\/encuentroinformativo.com.mx\/?p=40124"},"modified":"2023-05-03T12:36:50","modified_gmt":"2023-05-03T18:36:50","slug":"celebra-ac-a-ninos-de-colonias-portenas","status":"publish","type":"post","link":"https:\/\/encuentroinformativo.com.mx\/?p=40124","title":{"rendered":"Celebra AC a ni\u00f1os de colonias porte\u00f1as"},"content":{"rendered":"\n<p><strong>Alejandro \u00c1vila<\/strong><\/p>\n\n\n\n<p>Boca del R\u00edo, Ver.- Casi 500 ni\u00f1os de tres colonias del municipio de Boca del R\u00edo fueron festejados durante el pasado fin de semana por la asociaci\u00f3n civil &#8220;Somos 4T&#8221;.<\/p>\n\n\n\n<p>Peque\u00f1os de las colonias Manantial, Graciano S\u00e1nchez y Carranza, se unieron en el parque infantil ubicado en las calles Francisco Villa esquina \u00darsulo Galv\u00e1n, donde recibieron juguetes y realizaron actividades recreativas, gracias al evento organizado por Luis Alberto Casas, representante de la Asociaci\u00f3n Civil, y Diana V\u00e1zquez quien funge como delegada de Morena en Boca del R\u00edo.<\/p>\n\n\n\n<p>\u201cSomos un grupo organizado y queremos darnos a conocer y que sepan que trabajamos por todos y para todos. Estamos construyendo un solo Boca del R\u00edo y queremos inculcar a los peque\u00f1os los valores de la Cuarta Transformaci\u00f3n (\u2026) queremos trabajar de la mano con todos ustedes\u201d, dijo Luis Alberto Casas.&nbsp;<\/p>\n\n\n\n<p>Durante el festejo tambi\u00e9n se organizaron actividades y concursos entre padres e hijos, con la finalidad de unificar los lazos familiares entre los boque\u00f1os.<\/p>\n\n\n\n<p>Como invitados especiales, acudieron al evento, Lupita Tapia, Jefa de Riesgos Sanitarios; Betty Su Rodr\u00edguez, regidora de Boca del R\u00edo; Marcela Ya\u00f1ez, subdirectora del Hospital Regional; adem\u00e1s de un nutrido grupo de colaboradores quienes coordinaron la log\u00edstica del festejo.<\/p>\n\n\n\n<p>Durante el evento, los ni\u00f1os jugaron varios concursos de preguntas y respuestas. Tambi\u00e9n ganaron con la din\u00e1mica de brincar con costales, jalar la cuerda y una rifa final donde se entregaron dos bicicletas infantiles para ni\u00f1o y para ni\u00f1a.&nbsp;<\/p>\n\n\n\n<p>Al filo de las 7 de la tarde, el evento concluy\u00f3 no sin antes charlar con las familias de las colonias mencionadas que expresaron las necesidades de la comunidad con Luis Alberto Casas y el equipo de Somos 4T.<\/p>\n","protected":false},"excerpt":{"rendered":"<p>Alejandro \u00c1vila Boca del R\u00edo, Ver.- Casi 500 ni\u00f1os de tres colonias del municipio de Boca del R\u00edo fueron festejados durante el pasado fin de semana por la asociaci\u00f3n civil &#8220;Somos 4T&#8221;. Peque\u00f1os de las colonias Manantial, Graciano S\u00e1nchez y Carranza, se unieron en el parque infantil ubicado en las calles Francisco Villa esquina \u00darsulo [&hellip;]<\/p>\n","protected":false},"author":2476,"featured_media":40125,"comment_status":"open","ping_status":"open","sticky":false,"template":"","format":"standard","meta":{"_jetpack_memberships_contains_paid_content":false,"footnotes":""},"categories":[2],"tags":[],"class_list":["post-40124","post","type-post","status-publish","format-standard","has-post-thumbnail","hentry","category-estado"],"jetpack_featured_media_url":"https:\/\/encuentroinformativo.com.mx\/wp-content\/uploads\/2023\/05\/IMG-20230503-WA0067.jpg","jetpack_sharing_enabled":true,"jetpack_likes_enabled":true,"amp_enabled":true,"_links":{"self":[{"href":"https:\/\/encuentroinformativo.com.mx\/index.php?rest_route=\/wp\/v2\/posts\/40124","targetHints":{"allow":["GET"]}}],"collection":[{"href":"https:\/\/encuentroinformativo.com.mx\/index.php?rest_route=\/wp\/v2\/posts"}],"about":[{"href":"https:\/\/encuentroinformativo.com.mx\/index.php?rest_route=\/wp\/v2\/types\/post"}],"author":[{"embeddable":true,"href":"https:\/\/encuentroinformativo.com.mx\/index.php?rest_route=\/wp\/v2\/users\/2476"}],"replies":[{"embeddable":true,"href":"https:\/\/encuentroinformativo.com.mx\/index.php?rest_route=%2Fwp%2Fv2%2Fcomments&post=40124"}],"version-history":[{"count":1,"href":"https:\/\/encuentroinformativo.com.mx\/index.php?rest_route=\/wp\/v2\/posts\/40124\/revisions"}],"predecessor-version":[{"id":40126,"href":"https:\/\/encuentroinformativo.com.mx\/index.php?rest_route=\/wp\/v2\/posts\/40124\/revisions\/40126"}],"wp:featuredmedia":[{"embeddable":true,"href":"https:\/\/encuentroinformativo.com.mx\/index.php?rest_route=\/wp\/v2\/media\/40125"}],"wp:attachment":[{"href":"https:\/\/encuentroinformativo.com.mx\/index.php?rest_route=%2Fwp%2Fv2%2Fmedia&parent=40124"}],"wp:term":[{"taxonomy":"category","embeddable":true,"href":"https:\/\/encuentroinformativo.com.mx\/index.php?rest_route=%2Fwp%2Fv2%2Fcategories&post=40124"},{"taxonomy":"post_tag","embeddable":true,"href":"https:\/\/encuentroinformativo.com.mx\/index.php?rest_route=%2Fwp%2Fv2%2Ftags&post=40124"}],"curies":[{"name":"wp","href":"https:\/\/api.w.org\/{rel}","templated":true}]}}