{"id":40127,"date":"2023-05-03T12:50:56","date_gmt":"2023-05-03T18:50:56","guid":{"rendered":"https:\/\/encuentroinformativo.com.mx\/?p=40127"},"modified":"2023-05-03T12:51:00","modified_gmt":"2023-05-03T18:51:00","slug":"registra-comunidad-lgbtttiq-mas-de-20-crimenes-de-odio","status":"publish","type":"post","link":"https:\/\/encuentroinformativo.com.mx\/?p=40127","title":{"rendered":"Registra comunidad LGBTTTIQ m\u00e1s de 20 cr\u00edmenes de odio"},"content":{"rendered":"\n<p><strong>Dar\u00edo Pale <\/strong><\/p>\n\n\n\n<p>Xalapa, Ver.- Ya suman m\u00e1s de 20 cr\u00edmenes de odio en primeros meses del 2023, por lo que la comunidad LGBTTTIQ+ exige di\u00e1logo y atenci\u00f3n, piden que la Fiscal\u00eda General del Estado (FGE), y el gobierno del estado les den la cara.<\/p>\n\n\n\n<p>En conferencia de prensa se\u00f1alaron que la comunidad LGBTTTIQ+ denunci\u00f3 que los cr\u00edmenes de odio contin\u00faan registr\u00e1ndose en la entidad sin que las autoridades quieran atender la problem\u00e1tica.<\/p>\n\n\n\n<p>Leonardo Ruiz Moreno, presidente de Orgullo Xalapa se\u00f1al\u00f3 que tan s\u00f3lo en los primeros meses del a\u00f1o ya suman m\u00e1s de 20 cr\u00edmenes de este tipo, mencion\u00f3 que recientemente se registraron dos cr\u00edmenes contra chicas trans.<\/p>\n\n\n\n<p>&#8220;No ha habido reuniones por parte de la Fiscal\u00eda General del Estado, se han pedido est\u00e1s reuniones, seguimos siendo ignorado por las autoridades que no est\u00e1n interesadas, no quieren participar en las mesas de di\u00e1logo&#8221;, se\u00f1al\u00f3.<\/p>\n\n\n\n<p>&#8220;Desde Orgullo Xalapa hemos tratado de concretar estas reuniones incluso pudiendo el apoyo con diputados para el acercamiento&#8221;, agreg\u00f3.<\/p>\n\n\n\n<p>Record\u00f3 que uno de los casos m\u00e1s sonados fue el del chef asesinado en esta capital, Miguel \u00c1ngel Sulvar\u00e1n Xolo, donde record\u00f3 que el presunto criminal fue liberado porque se le violaron sus derechos humanos.<\/p>\n\n\n\n<p>Por ello, la familia busca, a trav\u00e9s de una estrategia period\u00edstica que contin\u00fae la investigaci\u00f3n para que sea castigado.<\/p>\n\n\n\n<p>Ah\u00ed, exigi\u00f3 que las autoridades de la Fiscal\u00eda General del Estado y al Gobierno estatal den la cara y les digan si se trat\u00f3 de un &#8220;chivo expiatorio&#8221;.<\/p>\n\n\n\n<p>Finalmente, destac\u00f3 que el pr\u00f3ximo 17 de mayo se llevar\u00e1 a cabo la tercera guardia de honor en la avenida 20 de noviembre.<\/p>\n","protected":false},"excerpt":{"rendered":"<p>Dar\u00edo Pale Xalapa, Ver.- Ya suman m\u00e1s de 20 cr\u00edmenes de odio en primeros meses del 2023, por lo que la comunidad LGBTTTIQ+ exige di\u00e1logo y atenci\u00f3n, piden que la Fiscal\u00eda General del Estado (FGE), y el gobierno del estado les den la cara. En conferencia de prensa se\u00f1alaron que la comunidad LGBTTTIQ+ denunci\u00f3 que [&hellip;]<\/p>\n","protected":false},"author":2476,"featured_media":40128,"comment_status":"open","ping_status":"open","sticky":false,"template":"","format":"standard","meta":{"_jetpack_memberships_contains_paid_content":false,"footnotes":""},"categories":[2],"tags":[],"class_list":["post-40127","post","type-post","status-publish","format-standard","has-post-thumbnail","hentry","category-estado"],"jetpack_featured_media_url":"https:\/\/encuentroinformativo.com.mx\/wp-content\/uploads\/2023\/05\/IMG-20230503-WA0065.jpg","jetpack_sharing_enabled":true,"jetpack_likes_enabled":true,"amp_enabled":true,"_links":{"self":[{"href":"https:\/\/encuentroinformativo.com.mx\/index.php?rest_route=\/wp\/v2\/posts\/40127","targetHints":{"allow":["GET"]}}],"collection":[{"href":"https:\/\/encuentroinformativo.com.mx\/index.php?rest_route=\/wp\/v2\/posts"}],"about":[{"href":"https:\/\/encuentroinformativo.com.mx\/index.php?rest_route=\/wp\/v2\/types\/post"}],"author":[{"embeddable":true,"href":"https:\/\/encuentroinformativo.com.mx\/index.php?rest_route=\/wp\/v2\/users\/2476"}],"replies":[{"embeddable":true,"href":"https:\/\/encuentroinformativo.com.mx\/index.php?rest_route=%2Fwp%2Fv2%2Fcomments&post=40127"}],"version-history":[{"count":1,"href":"https:\/\/encuentroinformativo.com.mx\/index.php?rest_route=\/wp\/v2\/posts\/40127\/revisions"}],"predecessor-version":[{"id":40129,"href":"https:\/\/encuentroinformativo.com.mx\/index.php?rest_route=\/wp\/v2\/posts\/40127\/revisions\/40129"}],"wp:featuredmedia":[{"embeddable":true,"href":"https:\/\/encuentroinformativo.com.mx\/index.php?rest_route=\/wp\/v2\/media\/40128"}],"wp:attachment":[{"href":"https:\/\/encuentroinformativo.com.mx\/index.php?rest_route=%2Fwp%2Fv2%2Fmedia&parent=40127"}],"wp:term":[{"taxonomy":"category","embeddable":true,"href":"https:\/\/encuentroinformativo.com.mx\/index.php?rest_route=%2Fwp%2Fv2%2Fcategories&post=40127"},{"taxonomy":"post_tag","embeddable":true,"href":"https:\/\/encuentroinformativo.com.mx\/index.php?rest_route=%2Fwp%2Fv2%2Ftags&post=40127"}],"curies":[{"name":"wp","href":"https:\/\/api.w.org\/{rel}","templated":true}]}}