{"id":40133,"date":"2023-05-03T14:21:21","date_gmt":"2023-05-03T20:21:21","guid":{"rendered":"https:\/\/encuentroinformativo.com.mx\/?p=40133"},"modified":"2023-05-03T14:21:25","modified_gmt":"2023-05-03T20:21:25","slug":"realizan-jornada-de-busqueda-en-region-capital","status":"publish","type":"post","link":"https:\/\/encuentroinformativo.com.mx\/?p=40133","title":{"rendered":"Realizan jornada de b\u00fasqueda en regi\u00f3n capital"},"content":{"rendered":"\n<p><strong>Juan Arcos <\/strong><\/p>\n\n\n\n<p>Xalapa, Ver.- Los pueblos de Tuzamapan, municipio de Coatepec, y La Estanzuela, Emiliano Zapata, se organizaron para realizar jornadas de b\u00fasqueda y localizar a tres hombres que est\u00e1n desaparecidos desde la semana pasada.<\/p>\n\n\n\n<p>Se trata de tres varones que a\u00fan no han sido ubicados en la regi\u00f3n capital del estado de Veracruz: dos de Tuzamapan y otro de la localidad La Estanzuela.<\/p>\n\n\n\n<p>La gente inici\u00f3 recorridos en distintas comunidades la tarde del martes, acciones que continuar\u00e1n durante los pr\u00f3ximos d\u00edas hasta encontrarlos.<\/p>\n\n\n\n<p>Los pobladores buscaron a los desaparecidos en las localidades de Carrizal, Agua Caliente, Apazapan, Jalcomulco, Chahuapan y Coetzala, siendo acompa\u00f1ados por polic\u00edas municipales y estatales.<\/p>\n\n\n\n<p>Primero desapareci\u00f3 Omar Hern\u00e1ndez Fuentes, de 37 a\u00f1os, el pasado 24 de abril, en La Estanzuela, municipio de Emiliano Zapata.<br>Cuatro d\u00edas despu\u00e9s, se report\u00f3 la desaparici\u00f3n de Jos\u00e9 Peredo Alarc\u00f3n y Roberto Carlos Morales V\u00e1squez en Tuzamapan, Coatepec.<\/p>\n\n\n\n<p>La Comisi\u00f3n Estatal de B\u00fasqueda emiti\u00f3 las fichas correspondientes para la localizaci\u00f3n de estas tres personas; sin embargo, los pobladores est\u00e1n dispuestos a seguir buscando en otros municipios de la regi\u00f3n capital.<\/p>\n\n\n\n<p>\u201cQuisiera invitar a todo el pueblo en general para que humildemente apoyemos a nuestros paisanos en su b\u00fasqueda, Tuzamapan es muy unido y si nos unimos pronto tendremos raz\u00f3n de ellos, los que puedan ir a buscar y los que no podamos ir ayudemos con unos pesos para la gasolina de las motos o camionetas que est\u00e1n yendo a buscar, botellas de agua para el camino, hoy por ellos ma\u00f1ana por nosotros, somos seres humanos, pong\u00e1monos de acuerdo y entregarlo a las familias de los desaparecidos o en el lugar de reuni\u00f3n para salir a la b\u00fasqueda\u201d, comentan algunos de los pobladores.<\/p>\n\n\n\n<p>Cabe destacar que, tanto en Tuzamapan como en distintas localidades de Emiliano Zapata, han sido constantes las desapariciones de personas.<\/p>\n","protected":false},"excerpt":{"rendered":"<p>Juan Arcos Xalapa, Ver.- Los pueblos de Tuzamapan, municipio de Coatepec, y La Estanzuela, Emiliano Zapata, se organizaron para realizar jornadas de b\u00fasqueda y localizar a tres hombres que est\u00e1n desaparecidos desde la semana pasada. Se trata de tres varones que a\u00fan no han sido ubicados en la regi\u00f3n capital del estado de Veracruz: dos [&hellip;]<\/p>\n","protected":false},"author":2476,"featured_media":40134,"comment_status":"open","ping_status":"open","sticky":false,"template":"","format":"standard","meta":{"_jetpack_memberships_contains_paid_content":false,"footnotes":""},"categories":[8],"tags":[],"class_list":["post-40133","post","type-post","status-publish","format-standard","has-post-thumbnail","hentry","category-region"],"jetpack_featured_media_url":"https:\/\/encuentroinformativo.com.mx\/wp-content\/uploads\/2023\/05\/IMG_1860.jpg","jetpack_sharing_enabled":true,"jetpack_likes_enabled":true,"amp_enabled":true,"_links":{"self":[{"href":"https:\/\/encuentroinformativo.com.mx\/index.php?rest_route=\/wp\/v2\/posts\/40133","targetHints":{"allow":["GET"]}}],"collection":[{"href":"https:\/\/encuentroinformativo.com.mx\/index.php?rest_route=\/wp\/v2\/posts"}],"about":[{"href":"https:\/\/encuentroinformativo.com.mx\/index.php?rest_route=\/wp\/v2\/types\/post"}],"author":[{"embeddable":true,"href":"https:\/\/encuentroinformativo.com.mx\/index.php?rest_route=\/wp\/v2\/users\/2476"}],"replies":[{"embeddable":true,"href":"https:\/\/encuentroinformativo.com.mx\/index.php?rest_route=%2Fwp%2Fv2%2Fcomments&post=40133"}],"version-history":[{"count":1,"href":"https:\/\/encuentroinformativo.com.mx\/index.php?rest_route=\/wp\/v2\/posts\/40133\/revisions"}],"predecessor-version":[{"id":40135,"href":"https:\/\/encuentroinformativo.com.mx\/index.php?rest_route=\/wp\/v2\/posts\/40133\/revisions\/40135"}],"wp:featuredmedia":[{"embeddable":true,"href":"https:\/\/encuentroinformativo.com.mx\/index.php?rest_route=\/wp\/v2\/media\/40134"}],"wp:attachment":[{"href":"https:\/\/encuentroinformativo.com.mx\/index.php?rest_route=%2Fwp%2Fv2%2Fmedia&parent=40133"}],"wp:term":[{"taxonomy":"category","embeddable":true,"href":"https:\/\/encuentroinformativo.com.mx\/index.php?rest_route=%2Fwp%2Fv2%2Fcategories&post=40133"},{"taxonomy":"post_tag","embeddable":true,"href":"https:\/\/encuentroinformativo.com.mx\/index.php?rest_route=%2Fwp%2Fv2%2Ftags&post=40133"}],"curies":[{"name":"wp","href":"https:\/\/api.w.org\/{rel}","templated":true}]}}