{"id":40136,"date":"2023-05-03T14:24:16","date_gmt":"2023-05-03T20:24:16","guid":{"rendered":"https:\/\/encuentroinformativo.com.mx\/?p=40136"},"modified":"2023-05-03T14:24:20","modified_gmt":"2023-05-03T20:24:20","slug":"entregara-alcalde-documentacion-que-solicite-congreso-sobre-urbanizadora-medellin","status":"publish","type":"post","link":"https:\/\/encuentroinformativo.com.mx\/?p=40136","title":{"rendered":"Entregar\u00e1 alcalde documentaci\u00f3n que solicite Congreso sobre Urbanizadora Medell\u00edn"},"content":{"rendered":"\n<p><strong>Alejandro \u00c1vila<\/strong><\/p>\n\n\n\n<p>Medell\u00edn de Bravo, Ver.- El Ayuntamiento de Medell\u00edn de Bravo entregar\u00e1 la documentaci\u00f3n que solicite el Congreso de Veracruz, con respecto a la empresa privada Urbanizadora Medell\u00edn, asegur\u00f3 el alcalde, Marcos Isle\u00f1o Andrade.<\/p>\n\n\n\n<p>El edil mencion\u00f3 que al igual que los legisladores veracruzanos, considera necesario revisar la operaci\u00f3n y el suministro del agua en un fraccionamientos Puente Moreno y Lagos de Puente Moreno.<\/p>\n\n\n\n<p>\u201cQue quede claro: Desde el principio de mi administraci\u00f3n hemos sido los principales interesados en que se brinde un mejor servicio y calidad del agua a los vecinos de ambos fraccionamientos. Por eso me da gusto el resolutivo del Honorable Congreso del Estado, pues con ello se suman a nuestra causa, contribuyendo al bienestar com\u00fan de los ciudadanos\u201d.<\/p>\n\n\n\n<p>Finalmente, Marcos Isle\u00f1o se comprometi\u00f3 a continuar trabajando y coadyuvando en todo lo necesario, brindando las herramientas e informaci\u00f3n, para que se cumpla el prop\u00f3sito conjunto de ambas instancias.<\/p>\n","protected":false},"excerpt":{"rendered":"<p>Alejandro \u00c1vila Medell\u00edn de Bravo, Ver.- El Ayuntamiento de Medell\u00edn de Bravo entregar\u00e1 la documentaci\u00f3n que solicite el Congreso de Veracruz, con respecto a la empresa privada Urbanizadora Medell\u00edn, asegur\u00f3 el alcalde, Marcos Isle\u00f1o Andrade. El edil mencion\u00f3 que al igual que los legisladores veracruzanos, considera necesario revisar la operaci\u00f3n y el suministro del agua [&hellip;]<\/p>\n","protected":false},"author":2476,"featured_media":40137,"comment_status":"open","ping_status":"open","sticky":false,"template":"","format":"standard","meta":{"_jetpack_memberships_contains_paid_content":false,"footnotes":""},"categories":[2],"tags":[],"class_list":["post-40136","post","type-post","status-publish","format-standard","has-post-thumbnail","hentry","category-estado"],"jetpack_featured_media_url":"https:\/\/encuentroinformativo.com.mx\/wp-content\/uploads\/2023\/05\/IMG-20230503-WA0070.jpg","jetpack_sharing_enabled":true,"jetpack_likes_enabled":true,"amp_enabled":true,"_links":{"self":[{"href":"https:\/\/encuentroinformativo.com.mx\/index.php?rest_route=\/wp\/v2\/posts\/40136","targetHints":{"allow":["GET"]}}],"collection":[{"href":"https:\/\/encuentroinformativo.com.mx\/index.php?rest_route=\/wp\/v2\/posts"}],"about":[{"href":"https:\/\/encuentroinformativo.com.mx\/index.php?rest_route=\/wp\/v2\/types\/post"}],"author":[{"embeddable":true,"href":"https:\/\/encuentroinformativo.com.mx\/index.php?rest_route=\/wp\/v2\/users\/2476"}],"replies":[{"embeddable":true,"href":"https:\/\/encuentroinformativo.com.mx\/index.php?rest_route=%2Fwp%2Fv2%2Fcomments&post=40136"}],"version-history":[{"count":1,"href":"https:\/\/encuentroinformativo.com.mx\/index.php?rest_route=\/wp\/v2\/posts\/40136\/revisions"}],"predecessor-version":[{"id":40138,"href":"https:\/\/encuentroinformativo.com.mx\/index.php?rest_route=\/wp\/v2\/posts\/40136\/revisions\/40138"}],"wp:featuredmedia":[{"embeddable":true,"href":"https:\/\/encuentroinformativo.com.mx\/index.php?rest_route=\/wp\/v2\/media\/40137"}],"wp:attachment":[{"href":"https:\/\/encuentroinformativo.com.mx\/index.php?rest_route=%2Fwp%2Fv2%2Fmedia&parent=40136"}],"wp:term":[{"taxonomy":"category","embeddable":true,"href":"https:\/\/encuentroinformativo.com.mx\/index.php?rest_route=%2Fwp%2Fv2%2Fcategories&post=40136"},{"taxonomy":"post_tag","embeddable":true,"href":"https:\/\/encuentroinformativo.com.mx\/index.php?rest_route=%2Fwp%2Fv2%2Ftags&post=40136"}],"curies":[{"name":"wp","href":"https:\/\/api.w.org\/{rel}","templated":true}]}}