{"id":40157,"date":"2023-05-03T18:50:52","date_gmt":"2023-05-04T00:50:52","guid":{"rendered":"https:\/\/encuentroinformativo.com.mx\/?p=40157"},"modified":"2023-05-03T18:50:55","modified_gmt":"2023-05-04T00:50:55","slug":"estudiante-se-avienta-de-tercer-piso-de-escuela-de-computo-en-veracruz-puerto","status":"publish","type":"post","link":"https:\/\/encuentroinformativo.com.mx\/?p=40157","title":{"rendered":"Estudiante se avienta de tercer piso de escuela de c\u00f3mputo en Veracruz puerto"},"content":{"rendered":"\n<p>Alejandro \u00c1vila<\/p>\n\n\n\n<p>Veracruz, Ver.- Lamentables y sorpresivos hechos se vivieron la tarde de este mi\u00e9rcoles en la colonia Centro del municipio de Veracruz, pues una joven decidi\u00f3 quitarse la vida tras lanzarse del tercer piso de la escuela de c\u00f3mputo a donde acud\u00eda a sus clases.<\/p>\n\n\n\n<p>Docentes, personal administrativo y el resto de los estudiantes del Centro de Computaci\u00f3n del Golfo, quedaron perplejos al conocer la acci\u00f3n que tom\u00f3 la joven estudiante de apenas 18 a\u00f1os de edad.<\/p>\n\n\n\n<p>Conocidos de la joven, de la cual hasta el momento no se ha revelado su identidad, mencionaron que \u00e9sta se encontraba muy ansiosa desde las primeras horas de clases, incluso pensaron que era por la visita que tendr\u00edan este mi\u00e9rcoles a la f\u00e1brica de la empresa Bimbo, pues es uno de los sitios donde se acostumbran a hacer pr\u00e1cticas profesionales.<\/p>\n\n\n\n<p>Al regreso al plantel educativo ubicado en la avenida Gonzalez Pag\u00e9s entre las calles Francisco Javier Mina y Alacio P\u00e9rez, la joven sufri\u00f3 una alteraci\u00f3n emocional y decidi\u00f3 lanzarse desde el tercer piso de la instituci\u00f3n, la cual tiene una altura aproximada de 10 metros.<\/p>\n\n\n\n<p>T\u00e9cnicos en Urgencias M\u00e9dicas de la Cruz Roja se desplazaron hasta ese sector para brindarle los primeros auxilios a la v\u00edctima, pero desafortunadamente ya solo pudieron confirmar que ya no contaba con signos vitales.<\/p>\n\n\n\n<p>Elementos de la Polic\u00eda Municipal que acudieron a tomar conocimiento, procedieron a realizar el acordonamiento correspondiente en el interior de la instituci\u00f3n luego de confirmar el fallecimiento de la alumna.<\/p>\n\n\n\n<p>La directiva del plantel inform\u00f3 a los familiares de la joven sobre lo sucedido, por lo que estos se trasladaron a la mencionada direcci\u00f3n donde se entrevistaron con detectives de la polic\u00eda ministerial para esclarecer lo sucedido.<\/p>\n","protected":false},"excerpt":{"rendered":"<p>Alejandro \u00c1vila Veracruz, Ver.- Lamentables y sorpresivos hechos se vivieron la tarde de este mi\u00e9rcoles en la colonia Centro del municipio de Veracruz, pues una joven decidi\u00f3 quitarse la vida tras lanzarse del tercer piso de la escuela de c\u00f3mputo a donde acud\u00eda a sus clases. Docentes, personal administrativo y el resto de los estudiantes [&hellip;]<\/p>\n","protected":false},"author":2476,"featured_media":40158,"comment_status":"open","ping_status":"open","sticky":false,"template":"","format":"standard","meta":{"_jetpack_memberships_contains_paid_content":false,"footnotes":""},"categories":[14],"tags":[],"class_list":["post-40157","post","type-post","status-publish","format-standard","has-post-thumbnail","hentry","category-policiaca"],"jetpack_featured_media_url":"https:\/\/encuentroinformativo.com.mx\/wp-content\/uploads\/2023\/05\/IMG-20230503-WA0147.jpg","jetpack_sharing_enabled":true,"jetpack_likes_enabled":true,"amp_enabled":true,"_links":{"self":[{"href":"https:\/\/encuentroinformativo.com.mx\/index.php?rest_route=\/wp\/v2\/posts\/40157","targetHints":{"allow":["GET"]}}],"collection":[{"href":"https:\/\/encuentroinformativo.com.mx\/index.php?rest_route=\/wp\/v2\/posts"}],"about":[{"href":"https:\/\/encuentroinformativo.com.mx\/index.php?rest_route=\/wp\/v2\/types\/post"}],"author":[{"embeddable":true,"href":"https:\/\/encuentroinformativo.com.mx\/index.php?rest_route=\/wp\/v2\/users\/2476"}],"replies":[{"embeddable":true,"href":"https:\/\/encuentroinformativo.com.mx\/index.php?rest_route=%2Fwp%2Fv2%2Fcomments&post=40157"}],"version-history":[{"count":1,"href":"https:\/\/encuentroinformativo.com.mx\/index.php?rest_route=\/wp\/v2\/posts\/40157\/revisions"}],"predecessor-version":[{"id":40159,"href":"https:\/\/encuentroinformativo.com.mx\/index.php?rest_route=\/wp\/v2\/posts\/40157\/revisions\/40159"}],"wp:featuredmedia":[{"embeddable":true,"href":"https:\/\/encuentroinformativo.com.mx\/index.php?rest_route=\/wp\/v2\/media\/40158"}],"wp:attachment":[{"href":"https:\/\/encuentroinformativo.com.mx\/index.php?rest_route=%2Fwp%2Fv2%2Fmedia&parent=40157"}],"wp:term":[{"taxonomy":"category","embeddable":true,"href":"https:\/\/encuentroinformativo.com.mx\/index.php?rest_route=%2Fwp%2Fv2%2Fcategories&post=40157"},{"taxonomy":"post_tag","embeddable":true,"href":"https:\/\/encuentroinformativo.com.mx\/index.php?rest_route=%2Fwp%2Fv2%2Ftags&post=40157"}],"curies":[{"name":"wp","href":"https:\/\/api.w.org\/{rel}","templated":true}]}}