{"id":40172,"date":"2023-05-02T15:34:00","date_gmt":"2023-05-02T21:34:00","guid":{"rendered":"https:\/\/encuentroinformativo.com.mx\/?p=40172"},"modified":"2023-05-04T11:41:34","modified_gmt":"2023-05-04T17:41:34","slug":"pitbull-ataco-a-nino-de-2-anos-en-paso-de-ovejas","status":"publish","type":"post","link":"https:\/\/encuentroinformativo.com.mx\/?p=40172","title":{"rendered":"Pitbull atac\u00f3 a ni\u00f1o de 2 a\u00f1os en Paso de Ovejas"},"content":{"rendered":"\n<p><strong>Juan Arcos <\/strong><\/p>\n\n\n\n<p>Xalapa, Ver.- Un ni\u00f1o, de cinco a\u00f1os, fue atacado por un perro en el municipio de Paso de Ovejas, a 45 kil\u00f3metros del puerto de Veracruz, y muri\u00f3 cuando era trasladado a un hospital para su atenci\u00f3n m\u00e9dica.<\/p>\n\n\n\n<p>Los hechos ocurrieron alrededor de las 11:00 horas de este martes 2 de mayo en la colonia San Jos\u00e9 de dicha localidad, ubicada en la regi\u00f3n central del estado de Veracruz.<\/p>\n\n\n\n<p>De acuerdo con autoridades de Protecci\u00f3n Civil del ayuntamiento de Paso de Ovejas, el menor fue atacado por el animal en el cuello, ocasion\u00e1ndole heridas de gravedad.<\/p>\n\n\n\n<p>La v\u00edctima fue un ni\u00f1o de apenas cinco a\u00f1os de edad, quien era trasladado para su atenci\u00f3n hospitalaria, pero en el trayecto falleci\u00f3, debido a que hab\u00eda perdido mucho sangre.<\/p>\n\n\n\n<p>Los vecinos dieron a conocer que el ataque ocurri\u00f3 afuera del domicilio del menor y, cuando sus padres se percataron de lo ocurrido, intentaron trasladarlo a bordo de un taxi a un hospital de la ciudad de Cardel, municipio de La Antigua,.<\/p>\n\n\n\n<p>La unidad de transporte p\u00fablico qued\u00f3 al interior del acordonamiento que realizaron los elementos de seguridad en espera del personal de la Direcci\u00f3n General de Servicios Periciales para trasladar el cuerpo al Servicio M\u00e9dico Forense (Semefo).<\/p>\n\n\n\n<p>Las autoridades locales tambi\u00e9n informaron que la Fiscal\u00eda General del Estado (FGE), a cargo de Ver\u00f3nica Hern\u00e1ndez Giad\u00e1ns, inici\u00f3 la investigaci\u00f3n correspondiente para deslindar responsabilidades por este caso que alarm\u00f3 a la poblaci\u00f3n veracruzana.<\/p>\n","protected":false},"excerpt":{"rendered":"<p>Juan Arcos Xalapa, Ver.- Un ni\u00f1o, de cinco a\u00f1os, fue atacado por un perro en el municipio de Paso de Ovejas, a 45 kil\u00f3metros del puerto de Veracruz, y muri\u00f3 cuando era trasladado a un hospital para su atenci\u00f3n m\u00e9dica. Los hechos ocurrieron alrededor de las 11:00 horas de este martes 2 de mayo en [&hellip;]<\/p>\n","protected":false},"author":2476,"featured_media":40173,"comment_status":"open","ping_status":"open","sticky":false,"template":"","format":"standard","meta":{"_jetpack_memberships_contains_paid_content":false,"footnotes":""},"categories":[8],"tags":[],"class_list":["post-40172","post","type-post","status-publish","format-standard","has-post-thumbnail","hentry","category-region"],"jetpack_featured_media_url":"https:\/\/encuentroinformativo.com.mx\/wp-content\/uploads\/2023\/05\/Screenshot_20230504-113653.png","jetpack_sharing_enabled":true,"jetpack_likes_enabled":true,"amp_enabled":true,"_links":{"self":[{"href":"https:\/\/encuentroinformativo.com.mx\/index.php?rest_route=\/wp\/v2\/posts\/40172","targetHints":{"allow":["GET"]}}],"collection":[{"href":"https:\/\/encuentroinformativo.com.mx\/index.php?rest_route=\/wp\/v2\/posts"}],"about":[{"href":"https:\/\/encuentroinformativo.com.mx\/index.php?rest_route=\/wp\/v2\/types\/post"}],"author":[{"embeddable":true,"href":"https:\/\/encuentroinformativo.com.mx\/index.php?rest_route=\/wp\/v2\/users\/2476"}],"replies":[{"embeddable":true,"href":"https:\/\/encuentroinformativo.com.mx\/index.php?rest_route=%2Fwp%2Fv2%2Fcomments&post=40172"}],"version-history":[{"count":1,"href":"https:\/\/encuentroinformativo.com.mx\/index.php?rest_route=\/wp\/v2\/posts\/40172\/revisions"}],"predecessor-version":[{"id":40174,"href":"https:\/\/encuentroinformativo.com.mx\/index.php?rest_route=\/wp\/v2\/posts\/40172\/revisions\/40174"}],"wp:featuredmedia":[{"embeddable":true,"href":"https:\/\/encuentroinformativo.com.mx\/index.php?rest_route=\/wp\/v2\/media\/40173"}],"wp:attachment":[{"href":"https:\/\/encuentroinformativo.com.mx\/index.php?rest_route=%2Fwp%2Fv2%2Fmedia&parent=40172"}],"wp:term":[{"taxonomy":"category","embeddable":true,"href":"https:\/\/encuentroinformativo.com.mx\/index.php?rest_route=%2Fwp%2Fv2%2Fcategories&post=40172"},{"taxonomy":"post_tag","embeddable":true,"href":"https:\/\/encuentroinformativo.com.mx\/index.php?rest_route=%2Fwp%2Fv2%2Ftags&post=40172"}],"curies":[{"name":"wp","href":"https:\/\/api.w.org\/{rel}","templated":true}]}}