{"id":40178,"date":"2023-05-04T13:07:47","date_gmt":"2023-05-04T19:07:47","guid":{"rendered":"https:\/\/encuentroinformativo.com.mx\/?p=40178"},"modified":"2023-05-04T13:07:51","modified_gmt":"2023-05-04T19:07:51","slug":"rechazan-empresarios-reduccion-de-jornada-laboral-afirman-traera-afectaciones","status":"publish","type":"post","link":"https:\/\/encuentroinformativo.com.mx\/?p=40178","title":{"rendered":"Rechazan empresarios reducci\u00f3n de jornada laboral; afirman traer\u00e1 afectaciones"},"content":{"rendered":"\n<p><strong>Dar\u00edo Pale <\/strong><\/p>\n\n\n\n<p>Xalapa, Ver.- Fernando Arana Watty, presidente del Consejo Empresarial Metropolitano de Xalapa, dio a conocer que la reducci\u00f3n de la jornada laboral de 48 a 40 horas afecta a las empresas.<\/p>\n\n\n\n<p>En entrevista se\u00f1al\u00f3 que la iniciativa de reducir la jornada laboral semanal de 48 a 40 horas, es decir, bajar de seis a cinco d\u00edas trabajados en un periodo de siete d\u00edas, se debe estudiar m\u00e1s y convocar a las c\u00e1maras empresariales, esta fue una propuesta hecha al vapor.<\/p>\n\n\n\n<p>Reconoci\u00f3 que la iniciativa ya no se aprob\u00f3 en el primer periodo ordinario de sesiones y, por lo tanto se pasar\u00eda hasta el mes de septiembre.<\/p>\n\n\n\n<p>Se dijo a favor de que haya una reducci\u00f3n de horas, pero no al vapor porque este a\u00f1o tambi\u00e9n comenzaron los incrementos en los d\u00edas de vacaciones a los trabajadores, se increment\u00f3 el salario m\u00ednimo, apenas se est\u00e1n recuperando tras los tres a\u00f1os de pandemia, entre otros.<\/p>\n\n\n\n<p>&#8220;Y de repente dicen vamos a trabajar un d\u00eda menos, s\u00ed cambia mucho el tema porque no creo que con eso demos un bienestar social que es lo que se est\u00e1 buscando&#8221;, extern\u00f3.<\/p>\n\n\n\n<p>El l\u00edder empresarial lament\u00f3 que no se est\u00e9 incluyendo y tomando en cuenta la opini\u00f3n de los empresarios y por ello, llam\u00f3 a los legisladores a que sean tomados en cuenta para sacar una buena iniciativa y funcione para todos.<\/p>\n\n\n\n<p>Consider\u00f3 que la medida afectar\u00eda m\u00e1s a las MiPymes porque las empresas grandes pueden hacer cambios de turnos, mientras que las peque\u00f1as empresas no tienen tanto personal y tendr\u00edan que prescindir de ellos y quiz\u00e1 tendr\u00edan que cerrar un d\u00eda, lo cual ser\u00edan p\u00e9rdidas.<\/p>\n\n\n\n<p>Finalmente Arana Watty afirm\u00f3 que la econom\u00eda para los empresarios ha estado muy complicada y eso se siente en los bolsillos, lo que a su vez ha generado el cierre de empresas.<\/p>\n","protected":false},"excerpt":{"rendered":"<p>Dar\u00edo Pale Xalapa, Ver.- Fernando Arana Watty, presidente del Consejo Empresarial Metropolitano de Xalapa, dio a conocer que la reducci\u00f3n de la jornada laboral de 48 a 40 horas afecta a las empresas. En entrevista se\u00f1al\u00f3 que la iniciativa de reducir la jornada laboral semanal de 48 a 40 horas, es decir, bajar de seis [&hellip;]<\/p>\n","protected":false},"author":2476,"featured_media":40180,"comment_status":"open","ping_status":"open","sticky":false,"template":"","format":"standard","meta":{"_jetpack_memberships_contains_paid_content":false,"footnotes":""},"categories":[3],"tags":[],"class_list":["post-40178","post","type-post","status-publish","format-standard","has-post-thumbnail","hentry","category-xalapa"],"jetpack_featured_media_url":"https:\/\/encuentroinformativo.com.mx\/wp-content\/uploads\/2023\/05\/IMG-20230504-WA00502.jpg","jetpack_sharing_enabled":true,"jetpack_likes_enabled":true,"amp_enabled":true,"_links":{"self":[{"href":"https:\/\/encuentroinformativo.com.mx\/index.php?rest_route=\/wp\/v2\/posts\/40178","targetHints":{"allow":["GET"]}}],"collection":[{"href":"https:\/\/encuentroinformativo.com.mx\/index.php?rest_route=\/wp\/v2\/posts"}],"about":[{"href":"https:\/\/encuentroinformativo.com.mx\/index.php?rest_route=\/wp\/v2\/types\/post"}],"author":[{"embeddable":true,"href":"https:\/\/encuentroinformativo.com.mx\/index.php?rest_route=\/wp\/v2\/users\/2476"}],"replies":[{"embeddable":true,"href":"https:\/\/encuentroinformativo.com.mx\/index.php?rest_route=%2Fwp%2Fv2%2Fcomments&post=40178"}],"version-history":[{"count":1,"href":"https:\/\/encuentroinformativo.com.mx\/index.php?rest_route=\/wp\/v2\/posts\/40178\/revisions"}],"predecessor-version":[{"id":40181,"href":"https:\/\/encuentroinformativo.com.mx\/index.php?rest_route=\/wp\/v2\/posts\/40178\/revisions\/40181"}],"wp:featuredmedia":[{"embeddable":true,"href":"https:\/\/encuentroinformativo.com.mx\/index.php?rest_route=\/wp\/v2\/media\/40180"}],"wp:attachment":[{"href":"https:\/\/encuentroinformativo.com.mx\/index.php?rest_route=%2Fwp%2Fv2%2Fmedia&parent=40178"}],"wp:term":[{"taxonomy":"category","embeddable":true,"href":"https:\/\/encuentroinformativo.com.mx\/index.php?rest_route=%2Fwp%2Fv2%2Fcategories&post=40178"},{"taxonomy":"post_tag","embeddable":true,"href":"https:\/\/encuentroinformativo.com.mx\/index.php?rest_route=%2Fwp%2Fv2%2Ftags&post=40178"}],"curies":[{"name":"wp","href":"https:\/\/api.w.org\/{rel}","templated":true}]}}