{"id":40189,"date":"2023-05-04T13:27:45","date_gmt":"2023-05-04T19:27:45","guid":{"rendered":"https:\/\/encuentroinformativo.com.mx\/?p=40189"},"modified":"2023-05-04T13:27:49","modified_gmt":"2023-05-04T19:27:49","slug":"invita-ivec-al-festival-de-teatro","status":"publish","type":"post","link":"https:\/\/encuentroinformativo.com.mx\/?p=40189","title":{"rendered":"Invita IVEC al Festival de Teatro"},"content":{"rendered":"\n<p>Xalapa, Ver.- El Instituto Veracruzano de la Cultura, (IVEC) invita al Festival Nacional de Teatro Hecho con Ni\u00f1as y Ni\u00f1os 2023, \u201c\u00a1Chicas y chicos a escena!\u201d.<\/p>\n\n\n\n<p>En conferencia de prensa la maestra Mercedes Huerta coment\u00f3 que el festival tendr\u00e1 lugar del 5 al 14 de mayo, en seis recintos culturales de Xalapa en su d\u00e9cima edici\u00f3n con el prop\u00f3sito de desarrollar la expresi\u00f3n y apreciaci\u00f3n teatral infantil, as\u00ed como compartir la experiencia del quehacer teatral con las infancias de M\u00e9xico.<\/p>\n","protected":false},"excerpt":{"rendered":"<p>Xalapa, Ver.- El Instituto Veracruzano de la Cultura, (IVEC) invita al Festival Nacional de Teatro Hecho con Ni\u00f1as y Ni\u00f1os 2023, \u201c\u00a1Chicas y chicos a escena!\u201d. En conferencia de prensa la maestra Mercedes Huerta coment\u00f3 que el festival tendr\u00e1 lugar del 5 al 14 de mayo, en seis recintos culturales de Xalapa en su d\u00e9cima [&hellip;]<\/p>\n","protected":false},"author":2476,"featured_media":40190,"comment_status":"open","ping_status":"open","sticky":false,"template":"","format":"standard","meta":{"_jetpack_memberships_contains_paid_content":false,"footnotes":""},"categories":[3],"tags":[],"class_list":["post-40189","post","type-post","status-publish","format-standard","has-post-thumbnail","hentry","category-xalapa"],"jetpack_featured_media_url":"https:\/\/encuentroinformativo.com.mx\/wp-content\/uploads\/2023\/05\/Photo_1683228351371.jpg","jetpack_sharing_enabled":true,"jetpack_likes_enabled":true,"amp_enabled":true,"_links":{"self":[{"href":"https:\/\/encuentroinformativo.com.mx\/index.php?rest_route=\/wp\/v2\/posts\/40189","targetHints":{"allow":["GET"]}}],"collection":[{"href":"https:\/\/encuentroinformativo.com.mx\/index.php?rest_route=\/wp\/v2\/posts"}],"about":[{"href":"https:\/\/encuentroinformativo.com.mx\/index.php?rest_route=\/wp\/v2\/types\/post"}],"author":[{"embeddable":true,"href":"https:\/\/encuentroinformativo.com.mx\/index.php?rest_route=\/wp\/v2\/users\/2476"}],"replies":[{"embeddable":true,"href":"https:\/\/encuentroinformativo.com.mx\/index.php?rest_route=%2Fwp%2Fv2%2Fcomments&post=40189"}],"version-history":[{"count":1,"href":"https:\/\/encuentroinformativo.com.mx\/index.php?rest_route=\/wp\/v2\/posts\/40189\/revisions"}],"predecessor-version":[{"id":40191,"href":"https:\/\/encuentroinformativo.com.mx\/index.php?rest_route=\/wp\/v2\/posts\/40189\/revisions\/40191"}],"wp:featuredmedia":[{"embeddable":true,"href":"https:\/\/encuentroinformativo.com.mx\/index.php?rest_route=\/wp\/v2\/media\/40190"}],"wp:attachment":[{"href":"https:\/\/encuentroinformativo.com.mx\/index.php?rest_route=%2Fwp%2Fv2%2Fmedia&parent=40189"}],"wp:term":[{"taxonomy":"category","embeddable":true,"href":"https:\/\/encuentroinformativo.com.mx\/index.php?rest_route=%2Fwp%2Fv2%2Fcategories&post=40189"},{"taxonomy":"post_tag","embeddable":true,"href":"https:\/\/encuentroinformativo.com.mx\/index.php?rest_route=%2Fwp%2Fv2%2Ftags&post=40189"}],"curies":[{"name":"wp","href":"https:\/\/api.w.org\/{rel}","templated":true}]}}