{"id":4019,"date":"2020-07-11T12:38:05","date_gmt":"2020-07-11T17:38:05","guid":{"rendered":"https:\/\/encuentroinformativo.com\/?p=4019"},"modified":"2020-07-11T12:38:08","modified_gmt":"2020-07-11T17:38:08","slug":"regreso-a-clases","status":"publish","type":"post","link":"https:\/\/encuentroinformativo.com.mx\/?p=4019","title":{"rendered":"Regreso a Clases"},"content":{"rendered":"\n<p><strong>N\u00fameros Rojos<\/strong><\/p>\n\n\n\n<p><strong>Brenda Caballero<\/strong><\/p>\n\n\n\n<p>No tiene mucho que finaliz\u00f3 el ciclo escolar y ya escucho que el regreso a clases ser\u00e1 de acuerdo a la semaforizaci\u00f3n en cada municipio de la Rep\u00fablica. \u00bfQu\u00e9 pasar\u00e1 en Veracruz si seguimos en rojo el pr\u00f3ximo mes? La l\u00f3gica apunta que la poblaci\u00f3n estudiantil no podr\u00eda regresar a las aulas, hasta que est\u00e9 el tan deseado verde, el de \u201cla nueva normalidad\u201d y se haga presente.<\/p>\n\n\n\n<p>En Veracruz ya se hab\u00eda calendarizado y presentado la estrategia de regreso a clases. Ser\u00eda de manera escalonada de acuerdo al plan nacional de la SEP y se tiene como fecha de referencia el lunes 10 de agosto para que los alumnos sean evaluados durante tres semanas y finalmente inicien el ciclo escolar el 31 de agosto.<\/p>\n\n\n\n<p>\u00bfLograremos cambiar el sem\u00e1foro los pr\u00f3ximos 30 d\u00edas? \u00bfA\u00fan con el sem\u00e1foro en verde todas y todos los alumnos regresar\u00e1n a las aulas?<\/p>\n\n\n\n<p>Con la incertidumbre de la pandemia de la Covid 19, parece que no. He escuchado a m\u00e1s de una madre de familia decir que no enviar\u00e1n a sus hijos a la escuela, aunque exista la indicaci\u00f3n de regresar. \u201c\u00a1Prefiero que pierda el a\u00f1o a que se muera!\u201d Esto a pesar de que cient\u00edficamente est\u00e9 comprobado que el virus afecta menos a ni\u00f1os y adolescentes.<\/p>\n\n\n\n<p>El panorama se torna m\u00e1s complicado en las escuelas particulares, donde maestras de dos instituciones diferentes me dicen que a la fecha se han inscrito 5 ni\u00f1os en toda la escuela a nivel de preescolar y 14 de nivel primaria. \u00bfY los dem\u00e1s?<\/p>\n\n\n\n<p>Si bien existe miedo porque los ni\u00f1os m\u00e1s peque\u00f1os olviden las medidas de sana distancia o hasta intercambien cubrebocas, la p\u00e9rdida de empleos tambi\u00e9n es otro factor. Ya no pueden pagar las colegiaturas mensuales que ven\u00edan desembolsando. Incluso varios han optado por inscribirlos en escuelas p\u00fablicas.<\/p>\n\n\n\n<p>Esto desencadena a su vez m\u00e1s desempleo, pues maestras y maestros de escuelas particulares han sido despedidos y algunos conservan su trabajo pero con una reducci\u00f3n de salario que ni les alcanza para adquirir m\u00e1s megas y tener una mayor velocidad de internet. Ya ni hablamos de maestros de actividades deportivas o art\u00edsticas a quienes han dado las gracias hasta que todo mejore.<\/p>\n\n\n\n<p>Mucho se dice del gobierno y de su actuar frente a la pandemia, sin embargo, nosotros podr\u00edamos hacer contribuir a bajar los casos usando cubrebocas, lav\u00e1ndonos las manos y manteniendo la sana distancia. \u00bfY usted enviar\u00e1 a sus hijos a la escuela?<\/p>\n\n\n\n<p>IVM se pone las pilas<\/p>\n\n\n\n<p>Desde este espacio, celebro que el Instituto Veracruzano de las Mujeres se haya puesto las pilas en su portal de internet. Ya se visualiza informaci\u00f3n actualizada sobre el trabajo que est\u00e1n realizando en beneficio de las mujeres veracruzanas.<\/p>\n\n\n\n<p>@NumerosRojos_BC<\/p>\n\n\n\n<p><a href=\"mailto:caballero_brenda@hotmail.com\" target=\"_blank\" rel=\"noreferrer noopener\">caballero_brenda@hotmail.com<\/a><\/p>\n","protected":false},"excerpt":{"rendered":"<p>N\u00fameros Rojos Brenda Caballero No tiene mucho que finaliz\u00f3 el ciclo escolar y ya escucho que el regreso a clases ser\u00e1 de acuerdo a la semaforizaci\u00f3n en cada municipio de la Rep\u00fablica. \u00bfQu\u00e9 pasar\u00e1 en Veracruz si seguimos en rojo el pr\u00f3ximo mes? La l\u00f3gica apunta que la poblaci\u00f3n estudiantil no podr\u00eda regresar a las [&hellip;]<\/p>\n","protected":false},"author":1,"featured_media":387,"comment_status":"open","ping_status":"open","sticky":false,"template":"","format":"standard","meta":{"_jetpack_memberships_contains_paid_content":false,"footnotes":""},"categories":[11],"tags":[],"class_list":["post-4019","post","type-post","status-publish","format-standard","has-post-thumbnail","hentry","category-opinion"],"jetpack_featured_media_url":"https:\/\/encuentroinformativo.com.mx\/wp-content\/uploads\/2020\/03\/7CF8A22B-2764-47BE-8F7F-38FE9E5D6A2F.jpeg","jetpack_sharing_enabled":true,"jetpack_likes_enabled":true,"amp_enabled":true,"_links":{"self":[{"href":"https:\/\/encuentroinformativo.com.mx\/index.php?rest_route=\/wp\/v2\/posts\/4019","targetHints":{"allow":["GET"]}}],"collection":[{"href":"https:\/\/encuentroinformativo.com.mx\/index.php?rest_route=\/wp\/v2\/posts"}],"about":[{"href":"https:\/\/encuentroinformativo.com.mx\/index.php?rest_route=\/wp\/v2\/types\/post"}],"author":[{"embeddable":true,"href":"https:\/\/encuentroinformativo.com.mx\/index.php?rest_route=\/wp\/v2\/users\/1"}],"replies":[{"embeddable":true,"href":"https:\/\/encuentroinformativo.com.mx\/index.php?rest_route=%2Fwp%2Fv2%2Fcomments&post=4019"}],"version-history":[{"count":1,"href":"https:\/\/encuentroinformativo.com.mx\/index.php?rest_route=\/wp\/v2\/posts\/4019\/revisions"}],"predecessor-version":[{"id":4020,"href":"https:\/\/encuentroinformativo.com.mx\/index.php?rest_route=\/wp\/v2\/posts\/4019\/revisions\/4020"}],"wp:featuredmedia":[{"embeddable":true,"href":"https:\/\/encuentroinformativo.com.mx\/index.php?rest_route=\/wp\/v2\/media\/387"}],"wp:attachment":[{"href":"https:\/\/encuentroinformativo.com.mx\/index.php?rest_route=%2Fwp%2Fv2%2Fmedia&parent=4019"}],"wp:term":[{"taxonomy":"category","embeddable":true,"href":"https:\/\/encuentroinformativo.com.mx\/index.php?rest_route=%2Fwp%2Fv2%2Fcategories&post=4019"},{"taxonomy":"post_tag","embeddable":true,"href":"https:\/\/encuentroinformativo.com.mx\/index.php?rest_route=%2Fwp%2Fv2%2Ftags&post=4019"}],"curies":[{"name":"wp","href":"https:\/\/api.w.org\/{rel}","templated":true}]}}