{"id":40200,"date":"2023-05-04T15:43:20","date_gmt":"2023-05-04T21:43:20","guid":{"rendered":"https:\/\/encuentroinformativo.com.mx\/?p=40200"},"modified":"2023-05-04T15:43:24","modified_gmt":"2023-05-04T21:43:24","slug":"en-actopan-esperan-mas-de-90-mil-personas-en-feria-del-mango","status":"publish","type":"post","link":"https:\/\/encuentroinformativo.com.mx\/?p=40200","title":{"rendered":"En Actopan, esperan m\u00e1s de 90 mil personas en Feria del Mango"},"content":{"rendered":"\n<p><strong>Alejandro \u00c1vila<\/strong><\/p>\n\n\n\n<p>Veracruz, Ver.-&nbsp; En rueda de prensa ofrecida la ma\u00f1ana de este jueves en el municipio de Veracruz, se present\u00f3 oficialmente la cartelera art\u00edstica, social y cultural de la Feria del Mango de Actopan 2023, la cual tendr\u00e1 por primera ocasi\u00f3n un elenco art\u00edstico internacional.<\/p>\n\n\n\n<p>Dicho evento que se llevar\u00e1 a cabo del 25 al 28 de mayo es organizado por el Ayuntamiento de Actopan en alianza con Innova Producciones.<\/p>\n\n\n\n<p>La alcaldesa de Actopan, Mar\u00eda Esther L\u00f3pez Callejas en compa\u00f1\u00eda de su Cuerpo Edilicio, adem\u00e1s de Anthony James, director general de Innova Producciones, dieron a conocer todas y cada una de las actividades que se estar\u00e1n llevando a cabo del 25 al 28 de mayo.<\/p>\n\n\n\n<p>&#8220;Nuestra vista ahora, hablando de nosotros hacia adelante, es empezar a generar una identidad a Actopan, a darle un nombre a nivel Estatal y nacional (\u2026) el a\u00f1o pasado tuvimos 60 mil asistentes en lo que fue la semana de la Feria, y ahora para el tema del baile, esperamos unas 7 mil, 8 mil personas, solo para el d\u00eda del baile, pero tambi\u00e9n tenemos recorridos, tenemos los d\u00edas del Teatro del Pueblo, entonces esperamos unas 80 o 90 mil personas hacia arriba, por el tama\u00f1o del recinto ferial&#8221;, se\u00f1al\u00f3 el regidor, Alan Ruiz Aguilar.<\/p>\n\n\n\n<p>Entre los principales atractivos de la Feria del Mango Actopan 2023, destacan las presentaciones de Alberto Barros, Sonora Dinamita de Lucho Argain, Grupo El Tributo, Junior Klan, El Pulpo, Los Caracoles, El Jarocho Show, El Indio Brayan y mucho m\u00e1s, que prometen ofrecer un espect\u00e1culo inolvidable con derroche de energ\u00eda, m\u00fasica y diversi\u00f3n.<\/p>\n\n\n\n<p>Tambi\u00e9n contar\u00e1 con una gran variedad de actividades para toda la familia, como concursos de baile y de canto, exhibiciones de productos locales, talleres de cocina, diversas actividades art\u00edsticas y l\u00fadicas para ni\u00f1os y j\u00f3venes.&nbsp;<\/p>\n\n\n\n<p>La alcaldesa Mar\u00eda Esther L\u00f3pez Callejas destac\u00f3 que la Feria del Mango de Actopan es de gran tradici\u00f3n y adem\u00e1s, los visitantes podr\u00e1n degustar la fruta en todas sus presentaciones, incluso, podr\u00e1n conocer m\u00e1s sobre su cultivo, variedades y usos culinarios.<\/p>\n\n\n\n<p>Cartelera Feria del Mango Actopan 2023:<\/p>\n\n\n\n<p>25 de mayo: Sonora Dinamita de Lucho Argain<\/p>\n\n\n\n<p>26 de mayo: Los Caracoles y Jarocho Show<\/p>\n\n\n\n<p>27 de mayo: Alberto Barros; El Indio Brayan y Junior Klan<\/p>\n\n\n\n<p>28 de mayo: Alfredo El Pulpo y Grupo El Tributo<\/p>\n","protected":false},"excerpt":{"rendered":"<p>Alejandro \u00c1vila Veracruz, Ver.-&nbsp; En rueda de prensa ofrecida la ma\u00f1ana de este jueves en el municipio de Veracruz, se present\u00f3 oficialmente la cartelera art\u00edstica, social y cultural de la Feria del Mango de Actopan 2023, la cual tendr\u00e1 por primera ocasi\u00f3n un elenco art\u00edstico internacional. Dicho evento que se llevar\u00e1 a cabo del 25 [&hellip;]<\/p>\n","protected":false},"author":2476,"featured_media":40201,"comment_status":"open","ping_status":"open","sticky":false,"template":"","format":"standard","meta":{"_jetpack_memberships_contains_paid_content":false,"footnotes":""},"categories":[2],"tags":[],"class_list":["post-40200","post","type-post","status-publish","format-standard","has-post-thumbnail","hentry","category-estado"],"jetpack_featured_media_url":"https:\/\/encuentroinformativo.com.mx\/wp-content\/uploads\/2023\/05\/IMG-20230504-WA00682.jpg","jetpack_sharing_enabled":true,"jetpack_likes_enabled":true,"amp_enabled":true,"_links":{"self":[{"href":"https:\/\/encuentroinformativo.com.mx\/index.php?rest_route=\/wp\/v2\/posts\/40200","targetHints":{"allow":["GET"]}}],"collection":[{"href":"https:\/\/encuentroinformativo.com.mx\/index.php?rest_route=\/wp\/v2\/posts"}],"about":[{"href":"https:\/\/encuentroinformativo.com.mx\/index.php?rest_route=\/wp\/v2\/types\/post"}],"author":[{"embeddable":true,"href":"https:\/\/encuentroinformativo.com.mx\/index.php?rest_route=\/wp\/v2\/users\/2476"}],"replies":[{"embeddable":true,"href":"https:\/\/encuentroinformativo.com.mx\/index.php?rest_route=%2Fwp%2Fv2%2Fcomments&post=40200"}],"version-history":[{"count":1,"href":"https:\/\/encuentroinformativo.com.mx\/index.php?rest_route=\/wp\/v2\/posts\/40200\/revisions"}],"predecessor-version":[{"id":40202,"href":"https:\/\/encuentroinformativo.com.mx\/index.php?rest_route=\/wp\/v2\/posts\/40200\/revisions\/40202"}],"wp:featuredmedia":[{"embeddable":true,"href":"https:\/\/encuentroinformativo.com.mx\/index.php?rest_route=\/wp\/v2\/media\/40201"}],"wp:attachment":[{"href":"https:\/\/encuentroinformativo.com.mx\/index.php?rest_route=%2Fwp%2Fv2%2Fmedia&parent=40200"}],"wp:term":[{"taxonomy":"category","embeddable":true,"href":"https:\/\/encuentroinformativo.com.mx\/index.php?rest_route=%2Fwp%2Fv2%2Fcategories&post=40200"},{"taxonomy":"post_tag","embeddable":true,"href":"https:\/\/encuentroinformativo.com.mx\/index.php?rest_route=%2Fwp%2Fv2%2Ftags&post=40200"}],"curies":[{"name":"wp","href":"https:\/\/api.w.org\/{rel}","templated":true}]}}