{"id":40207,"date":"2023-05-04T16:53:23","date_gmt":"2023-05-04T22:53:23","guid":{"rendered":"https:\/\/encuentroinformativo.com.mx\/?p=40207"},"modified":"2023-05-04T16:53:28","modified_gmt":"2023-05-04T22:53:28","slug":"hay-focos-rojos-en-carreteras-coparmex","status":"publish","type":"post","link":"https:\/\/encuentroinformativo.com.mx\/?p=40207","title":{"rendered":"Hay focos rojos en carreteras: COPARMEX"},"content":{"rendered":"\n<p><strong>Dar\u00edo Pale <\/strong><\/p>\n\n\n\n<p>Xalapa, Ver.- Existen focos rojos en las carreteras veracruzanas en los cuales se han registrado robos y asaltos a los camiones de carga, y las reformas en materia laboral \u201cestrangulan\u201d al sector empresarial, as\u00ed lo inform\u00f3 el presidente de la Confederaci\u00f3n Patronal de la Rep\u00fablica Mexicana (Coparmex) en Xalapa, Juan Carlos D\u00edaz Morante.<\/p>\n\n\n\n<p>En entrevista explic\u00f3 que en las cercan\u00edas con el estado de Puebla es una de las zonas donde mayor incidencia de este tipo de sucesos se ha tenido, por lo cual dijo que es necesario que las autoridades puedan actuar para disminuir estos hechos delictivos.<\/p>\n\n\n\n<p>Se\u00f1al\u00f3 que algunos agremiados a la c\u00e1mara empresarial que representa le han manifestado que siguen sucediendo asaltos en las carreteras de La Tinaja, en Acayucan, y La Esperanza, misma que conecta con Puebla.<\/p>\n\n\n\n<p>&#8220;Nosotros tenemos empresas grandes que est\u00e1n afiliadas a Coparmex y hemos detectado que hay muchos focos rojos, est\u00e1 el tramo carretero de La Tinaja y La Esperanza donde hay muchos asaltos y no se ha podido llegar a bajar esos \u00edndices\u201d, se\u00f1al\u00f3.<\/p>\n\n\n\n<p>Dio a concreto que todas las peticiones que se han hecho a la Secretar\u00eda de Seguridad P\u00fablica se han atendido, por lo que se espera que existan acciones para disminuir los \u00edndices delictivos.<\/p>\n\n\n\n<p>Al respecto, manifest\u00f3 que los \u00edndices de inseguridad siguen siendo elevados, ya que se requiere mayor coordinaci\u00f3n entre las autoridades federales y estatales.<\/p>\n\n\n\n<p>&#8220;De que los \u00edndices de inseguridad siguen estando altos es claro, no podemos enga\u00f1arnos, en Poza Rica y Tuxpan estamos trabajando, pero los \u00edndices de inseguridad contin\u00faan, atenci\u00f3n s\u00ed existe de parte de la Secretar\u00eda de Seguridad P\u00fablica, a veces los empresarios no van y reportan los robos\u201d, coment\u00f3.<\/p>\n\n\n\n<p>Dio a conocer que en la Fiscal\u00eda General del Estado s\u00ed se abren las carpetas de investigaci\u00f3n y se atienden los temas, pero no se tienen los resultados esperados.\u00a0<\/p>\n\n\n\n<p>Por \u00faltimo en ese tema dijo que, \u201clas carpetas de investigaci\u00f3n se hacen, ser\u00eda cuesti\u00f3n de los empresarios se\u00f1alen las fallas que existen, adem\u00e1s de que se requiere mayor coordinaci\u00f3n entre las autoridades federales y estatales para establecer los l\u00edmites y zonas de atenci\u00f3n\u201d.<\/p>\n\n\n\n<p>En otro orden de ideas en cuanto a las reformas que aprobaron los diputados y senadores, afirm\u00f3 que las reformas en materia laboral \u201cestrangulan\u201d al sector empresarial que son quienes pagan impuestos y sostienen gran parte de la econom\u00eda del pa\u00eds.\u00a0<\/p>\n\n\n\n<p>Dijo que el aumento al salario m\u00ednimo, a los d\u00edas de vacaciones y ahora la intenci\u00f3n de reducir de la jornada laboral a 40 horas imponen m\u00e1s presi\u00f3n a los empresarios.\u00a0<\/p>\n\n\n\n<p>Y es que insisti\u00f3 en que los aumentos deben ser de manera gradual, no puede haber un aumento del 20 por ciento al salario m\u00ednimo, luego un aumento al doble en los d\u00edas de vacaciones y ahora el tema de las horas laborales.\u00a0<\/p>\n\n\n\n<p>Por ello, dijo que esperan que no se apruebe en el siguiente periodo de sesiones en la C\u00e1mara de Diputados en septiembre pr\u00f3ximo.\u00a0<\/p>\n\n\n\n<p>\u201cEsperemos que sea una medida que no se lleve, hay rumores de que se tratar\u00eda hasta el siguiente perdi\u00f3 de sesiones en septiembre\u201d, dijo en entrevista.<\/p>\n\n\n\n<p>Finalmente acept\u00f3 que en el gremio empresarial hay muchas quejas porque los legisladores no saben lo que significa la carga que imponen, por lo cual dijo que deben acercarse al sector empresarial para llegar a un acuerdo, ya que hasta el momento hay cerraz\u00f3n.<\/p>\n","protected":false},"excerpt":{"rendered":"<p>Dar\u00edo Pale Xalapa, Ver.- Existen focos rojos en las carreteras veracruzanas en los cuales se han registrado robos y asaltos a los camiones de carga, y las reformas en materia laboral \u201cestrangulan\u201d al sector empresarial, as\u00ed lo inform\u00f3 el presidente de la Confederaci\u00f3n Patronal de la Rep\u00fablica Mexicana (Coparmex) en Xalapa, Juan Carlos D\u00edaz Morante. [&hellip;]<\/p>\n","protected":false},"author":2476,"featured_media":40208,"comment_status":"open","ping_status":"open","sticky":false,"template":"","format":"standard","meta":{"_jetpack_memberships_contains_paid_content":false,"footnotes":""},"categories":[2],"tags":[],"class_list":["post-40207","post","type-post","status-publish","format-standard","has-post-thumbnail","hentry","category-estado"],"jetpack_featured_media_url":"https:\/\/encuentroinformativo.com.mx\/wp-content\/uploads\/2023\/05\/IMG-20230504-WA0071.jpg","jetpack_sharing_enabled":true,"jetpack_likes_enabled":true,"amp_enabled":true,"_links":{"self":[{"href":"https:\/\/encuentroinformativo.com.mx\/index.php?rest_route=\/wp\/v2\/posts\/40207","targetHints":{"allow":["GET"]}}],"collection":[{"href":"https:\/\/encuentroinformativo.com.mx\/index.php?rest_route=\/wp\/v2\/posts"}],"about":[{"href":"https:\/\/encuentroinformativo.com.mx\/index.php?rest_route=\/wp\/v2\/types\/post"}],"author":[{"embeddable":true,"href":"https:\/\/encuentroinformativo.com.mx\/index.php?rest_route=\/wp\/v2\/users\/2476"}],"replies":[{"embeddable":true,"href":"https:\/\/encuentroinformativo.com.mx\/index.php?rest_route=%2Fwp%2Fv2%2Fcomments&post=40207"}],"version-history":[{"count":1,"href":"https:\/\/encuentroinformativo.com.mx\/index.php?rest_route=\/wp\/v2\/posts\/40207\/revisions"}],"predecessor-version":[{"id":40209,"href":"https:\/\/encuentroinformativo.com.mx\/index.php?rest_route=\/wp\/v2\/posts\/40207\/revisions\/40209"}],"wp:featuredmedia":[{"embeddable":true,"href":"https:\/\/encuentroinformativo.com.mx\/index.php?rest_route=\/wp\/v2\/media\/40208"}],"wp:attachment":[{"href":"https:\/\/encuentroinformativo.com.mx\/index.php?rest_route=%2Fwp%2Fv2%2Fmedia&parent=40207"}],"wp:term":[{"taxonomy":"category","embeddable":true,"href":"https:\/\/encuentroinformativo.com.mx\/index.php?rest_route=%2Fwp%2Fv2%2Fcategories&post=40207"},{"taxonomy":"post_tag","embeddable":true,"href":"https:\/\/encuentroinformativo.com.mx\/index.php?rest_route=%2Fwp%2Fv2%2Ftags&post=40207"}],"curies":[{"name":"wp","href":"https:\/\/api.w.org\/{rel}","templated":true}]}}