{"id":4021,"date":"2020-07-11T12:57:57","date_gmt":"2020-07-11T17:57:57","guid":{"rendered":"https:\/\/encuentroinformativo.com\/?p=4021"},"modified":"2020-07-11T12:57:59","modified_gmt":"2020-07-11T17:57:59","slug":"lider-evangelico-da-positivo-a-covid","status":"publish","type":"post","link":"https:\/\/encuentroinformativo.com.mx\/?p=4021","title":{"rendered":"L\u00edder evang\u00e9lico da positivo a Covid"},"content":{"rendered":"\n<p><strong>Dar\u00edo Pale <\/strong><\/p>\n\n\n\n<p>Xalapa, Ver.- El presidente de la Red Evang\u00e9lica de Veracruz Guillermo Trujillo \u00c1lvarez, dio a conocer que despu\u00e9s de hacerse las pruebas correspondientes dio positivo al COVID-19 por lo cual est\u00e1 tomando las medidas de sanidad necesarias.<\/p>\n\n\n\n<p>Mediante un video que envi\u00f3 por whatsApp inform\u00f3 que el d\u00eda de ayer le hicieron la entrega de los resultados de los ex\u00e1menes del COVID-19 donde dio positivo, se realiz\u00f3 los estudios ya que en d\u00edas pasados se sent\u00eda mal.<\/p>\n\n\n\n<p>\u201cEstoy llevando todos los protocolos de salud, atendido muy bien m\u00e9dicamente obedeciendo cada una de las indicaciones pero este video es m\u00e1s que nada para exhortarlos para que se cuiden, esto es una cosa muy seria no puedo saber d\u00f3nde lo traje, pero lo contraje y muchas personas est\u00e1n muriendo en estos momentos\u201d se\u00f1ala en el video.<\/p>\n\n\n\n<p>Por lo anterior exhort\u00f3 a la ciudadan\u00eda para que se cuiden y que utilicen todas las medidas necesarias si tienen que salir a la calle de lo contrario mejor no salgan, y espera recuperarse pronto ya que tiene toda su fe puesta en Dios y saldr\u00e1 delante de todo esto.<\/p>\n\n\n\n<p><\/p>\n","protected":false},"excerpt":{"rendered":"<p>Dar\u00edo Pale Xalapa, Ver.- El presidente de la Red Evang\u00e9lica de Veracruz Guillermo Trujillo \u00c1lvarez, dio a conocer que despu\u00e9s de hacerse las pruebas correspondientes dio positivo al COVID-19 por lo cual est\u00e1 tomando las medidas de sanidad necesarias. Mediante un video que envi\u00f3 por whatsApp inform\u00f3 que el d\u00eda de ayer le hicieron la [&hellip;]<\/p>\n","protected":false},"author":1,"featured_media":2853,"comment_status":"open","ping_status":"open","sticky":false,"template":"","format":"standard","meta":{"_jetpack_memberships_contains_paid_content":false,"footnotes":""},"categories":[3],"tags":[],"class_list":["post-4021","post","type-post","status-publish","format-standard","has-post-thumbnail","hentry","category-xalapa"],"jetpack_featured_media_url":"https:\/\/encuentroinformativo.com.mx\/wp-content\/uploads\/2020\/05\/D9CEA39E-7234-4983-9ABB-58DF173C51AB.jpeg","jetpack_sharing_enabled":true,"jetpack_likes_enabled":true,"amp_enabled":true,"_links":{"self":[{"href":"https:\/\/encuentroinformativo.com.mx\/index.php?rest_route=\/wp\/v2\/posts\/4021","targetHints":{"allow":["GET"]}}],"collection":[{"href":"https:\/\/encuentroinformativo.com.mx\/index.php?rest_route=\/wp\/v2\/posts"}],"about":[{"href":"https:\/\/encuentroinformativo.com.mx\/index.php?rest_route=\/wp\/v2\/types\/post"}],"author":[{"embeddable":true,"href":"https:\/\/encuentroinformativo.com.mx\/index.php?rest_route=\/wp\/v2\/users\/1"}],"replies":[{"embeddable":true,"href":"https:\/\/encuentroinformativo.com.mx\/index.php?rest_route=%2Fwp%2Fv2%2Fcomments&post=4021"}],"version-history":[{"count":1,"href":"https:\/\/encuentroinformativo.com.mx\/index.php?rest_route=\/wp\/v2\/posts\/4021\/revisions"}],"predecessor-version":[{"id":4022,"href":"https:\/\/encuentroinformativo.com.mx\/index.php?rest_route=\/wp\/v2\/posts\/4021\/revisions\/4022"}],"wp:featuredmedia":[{"embeddable":true,"href":"https:\/\/encuentroinformativo.com.mx\/index.php?rest_route=\/wp\/v2\/media\/2853"}],"wp:attachment":[{"href":"https:\/\/encuentroinformativo.com.mx\/index.php?rest_route=%2Fwp%2Fv2%2Fmedia&parent=4021"}],"wp:term":[{"taxonomy":"category","embeddable":true,"href":"https:\/\/encuentroinformativo.com.mx\/index.php?rest_route=%2Fwp%2Fv2%2Fcategories&post=4021"},{"taxonomy":"post_tag","embeddable":true,"href":"https:\/\/encuentroinformativo.com.mx\/index.php?rest_route=%2Fwp%2Fv2%2Ftags&post=4021"}],"curies":[{"name":"wp","href":"https:\/\/api.w.org\/{rel}","templated":true}]}}