{"id":40211,"date":"2023-05-04T18:52:52","date_gmt":"2023-05-05T00:52:52","guid":{"rendered":"https:\/\/encuentroinformativo.com.mx\/?p=40211"},"modified":"2023-05-04T18:52:56","modified_gmt":"2023-05-05T00:52:56","slug":"boca-del-rio-impulsa-el-desarrollo-y-bienestar-de-ninas-ninos-y-adolescentes-alcalde-jm-unanue","status":"publish","type":"post","link":"https:\/\/encuentroinformativo.com.mx\/?p=40211","title":{"rendered":"Boca del R\u00edo impulsa el desarrollo y bienestar de ni\u00f1as, ni\u00f1os y adolescentes: Alcalde JM Un\u00e1nue"},"content":{"rendered":"\n<p>Boca del Rio, Ver.- El Ayuntamiento de Boca del R\u00edo trabaja diariamente en el rescate y rehabilitaci\u00f3n de espacios p\u00fablicos, as\u00ed como en el mejoramiento del entorno del municipio, garantizando adem\u00e1s, la seguridad de las ni\u00f1as, ni\u00f1os y adolescentes de la ciudad.<\/p>\n\n\n\n<p>Juan Manuel Un\u00e1nue Abascal, Presidente Municipal y la Presidenta del DIF, Melina Rivera de Un\u00e1nue, recibieron al Vocal Ejecutivo de la 12 Junta Distrital Ejecutiva del Instituto Nacional Electoral (INE), Nelson Asaidt Hern\u00e1ndez Rojas, para firmar la Agenda de Atenci\u00f3n a ni\u00f1as, ni\u00f1os y adolescentes, derivada de la Consulta Infantil y Juvenil 2021 (CIJ 2021), contando tambi\u00e9n con la presencia de la representante de la Secretaria Ejecutiva del Sistema Nacional de Protecci\u00f3n Integral de Ni\u00f1as, Ni\u00f1os y Adolescentes (SIPINNA) de Boca del R\u00edo, Marisol D\u00edaz Molina.<\/p>\n\n\n\n<p>Entre los resultados que se refieren es el cuidado del planeta y el mantenimiento permanente de los espacios p\u00fablicos; observaciones expresadas por el sector encuestado lo cual servir\u00e1 como gu\u00eda para continuar con la implementaci\u00f3n de pol\u00edticas p\u00fablicas dirigidas al sector solicitante y de manera general a la poblaci\u00f3n.<\/p>\n\n\n\n<p>\u201cLos resultados de la Consulta Infantil y Juvenil 2021 sirven de gu\u00eda en la implementaci\u00f3n de pol\u00edticas p\u00fablicas de mi gobierno para atender el cuidado del medio ambiente, el bienestar y los derechos humanos en Boca del R\u00edo con especial atenci\u00f3n a esta poblaci\u00f3n\u201d, destac\u00f3 el Alcalde.<\/p>\n\n\n\n<p>Un\u00e1nue Abascal enfatiz\u00f3 que desde el inicio de su gobierno se implement\u00f3 el rescate de las Unidades Deportivas y Espacios P\u00fablicos ante la necesidad de que la poblaci\u00f3n contara con lugares dignos para el deporte y su recreaci\u00f3n, tanto en lo personal, como en lo familiar.<\/p>\n\n\n\n<p>Dijo que a lo largo del 2023 se han invertido recursos para que todas estas \u00e1reas se encuentren listas para su uso y disfrute, por lo que en este 2024 no ser\u00e1 la excepci\u00f3n.<\/p>\n\n\n\n<p>Finalmente, el Alcalde de Boca del R\u00edo detall\u00f3 que con la firma de la Agenda Compromiso se dar\u00e1 seguimiento a las acciones y cumplimiento a lo dispuesto en Consulta Infantil y Juvenil 2021.<\/p>\n","protected":false},"excerpt":{"rendered":"<p>Boca del Rio, Ver.- El Ayuntamiento de Boca del R\u00edo trabaja diariamente en el rescate y rehabilitaci\u00f3n de espacios p\u00fablicos, as\u00ed como en el mejoramiento del entorno del municipio, garantizando adem\u00e1s, la seguridad de las ni\u00f1as, ni\u00f1os y adolescentes de la ciudad. Juan Manuel Un\u00e1nue Abascal, Presidente Municipal y la Presidenta del DIF, Melina Rivera [&hellip;]<\/p>\n","protected":false},"author":2476,"featured_media":40212,"comment_status":"open","ping_status":"open","sticky":false,"template":"","format":"standard","meta":{"_jetpack_memberships_contains_paid_content":false,"footnotes":""},"categories":[2],"tags":[],"class_list":["post-40211","post","type-post","status-publish","format-standard","has-post-thumbnail","hentry","category-estado"],"jetpack_featured_media_url":"https:\/\/encuentroinformativo.com.mx\/wp-content\/uploads\/2023\/05\/IMG-20230504-WA0086.jpg","jetpack_sharing_enabled":true,"jetpack_likes_enabled":true,"amp_enabled":true,"_links":{"self":[{"href":"https:\/\/encuentroinformativo.com.mx\/index.php?rest_route=\/wp\/v2\/posts\/40211","targetHints":{"allow":["GET"]}}],"collection":[{"href":"https:\/\/encuentroinformativo.com.mx\/index.php?rest_route=\/wp\/v2\/posts"}],"about":[{"href":"https:\/\/encuentroinformativo.com.mx\/index.php?rest_route=\/wp\/v2\/types\/post"}],"author":[{"embeddable":true,"href":"https:\/\/encuentroinformativo.com.mx\/index.php?rest_route=\/wp\/v2\/users\/2476"}],"replies":[{"embeddable":true,"href":"https:\/\/encuentroinformativo.com.mx\/index.php?rest_route=%2Fwp%2Fv2%2Fcomments&post=40211"}],"version-history":[{"count":1,"href":"https:\/\/encuentroinformativo.com.mx\/index.php?rest_route=\/wp\/v2\/posts\/40211\/revisions"}],"predecessor-version":[{"id":40213,"href":"https:\/\/encuentroinformativo.com.mx\/index.php?rest_route=\/wp\/v2\/posts\/40211\/revisions\/40213"}],"wp:featuredmedia":[{"embeddable":true,"href":"https:\/\/encuentroinformativo.com.mx\/index.php?rest_route=\/wp\/v2\/media\/40212"}],"wp:attachment":[{"href":"https:\/\/encuentroinformativo.com.mx\/index.php?rest_route=%2Fwp%2Fv2%2Fmedia&parent=40211"}],"wp:term":[{"taxonomy":"category","embeddable":true,"href":"https:\/\/encuentroinformativo.com.mx\/index.php?rest_route=%2Fwp%2Fv2%2Fcategories&post=40211"},{"taxonomy":"post_tag","embeddable":true,"href":"https:\/\/encuentroinformativo.com.mx\/index.php?rest_route=%2Fwp%2Fv2%2Ftags&post=40211"}],"curies":[{"name":"wp","href":"https:\/\/api.w.org\/{rel}","templated":true}]}}