{"id":40214,"date":"2023-05-04T20:31:42","date_gmt":"2023-05-05T02:31:42","guid":{"rendered":"https:\/\/encuentroinformativo.com.mx\/?p=40214"},"modified":"2023-05-04T20:33:14","modified_gmt":"2023-05-05T02:33:14","slug":"realizara-ayuntamiento-proyecto-de-urbanizacion-integral-en-el-dique","status":"publish","type":"post","link":"https:\/\/encuentroinformativo.com.mx\/?p=40214","title":{"rendered":"Realizar\u00e1 Ayuntamiento proyecto de urbanizaci\u00f3n integral en El Dique"},"content":{"rendered":"\n<p>Xalapa, Ver.- Con el prop\u00f3sito de mejorar la calidad de vida de la poblaci\u00f3n y atender las necesidades de la ciudadan\u00eda directamente en sus colonias, el presidente municipal Ricardo Ahued Bardahuil realiz\u00f3 un recorrido por la colonia Felipe Carrillo Puerto.<\/p>\n\n\n\n<p>Acompa\u00f1ado por regidoras y regidores, el Edil instruy\u00f3 a que personal de la Direcci\u00f3n de Desarrollo Urbano elabore un proyecto de urbanizaci\u00f3n integral que incluya la construcci\u00f3n de escalinatas y el dise\u00f1o de un andador que ir\u00eda de la calle Prolongaci\u00f3n Reforma a Primo Tapia, el cual ser\u00e1 funcional y con banquetas m\u00e1s amplias para facilitar el desplazamiento de personas en sillas de ruedas.<\/p>\n\n\n\n<p>Adem\u00e1s, trabajadores de la Direcci\u00f3n de Alumbrado P\u00fablico instalar\u00e1n l\u00e1mparas con tecnolog\u00eda LED en distintos puntos de la zona, con el fin de mejorar la iluminaci\u00f3n y contribuir a la seguridad de la ciudadan\u00eda.<\/p>\n\n\n\n<p>Por su parte, personal de la Comisi\u00f3n Municipal de Agua Potable y Saneamiento (CMAS) realizar\u00e1 la actualizaci\u00f3n de un proyecto de agua potable y alcantarillado sanitario hasta la calle Primo Tapia, a solicitud de las y los vecinos.<\/p>\n\n\n\n<p>Tras el recorrido, se llevaron a cabo actividades del Programa Mi Calle Limpia, entre las que destacaron el barrido de calles, frentes de casas y el chapeo en las inmediaciones del Andador Prolongaci\u00f3n Reforma.<\/p>\n\n\n\n<p>Participaron en estas acciones personal de las direcciones de Medio Ambiente, Alumbrado P\u00fablico, Juventud, Desarrollo Social, Limpia P\u00fablica, Seguridad Ciudadana y Tr\u00e1nsito Municipal, Participaci\u00f3n Ciudadana y el Sistema Municipal de Protecci\u00f3n Integral de Ni\u00f1as, Ni\u00f1os y Adolescentes (Sipinna).<\/p>\n\n\n\n<p>Asistieron las regidoras y regidores Helen Sarmiento Ja\u00e9n, Antonio Ballesteros Grayeb, Martha Valentina Dom\u00ednguez V\u00e1squez, Guadalupe M\u00e1rquez Leonardo y Daniel Fern\u00e1ndez Carri\u00f3n, as\u00ed como el director de Participaci\u00f3n Ciudadana, Juan Mar\u00edn Viveros.<\/p>\n","protected":false},"excerpt":{"rendered":"<p>Xalapa, Ver.- Con el prop\u00f3sito de mejorar la calidad de vida de la poblaci\u00f3n y atender las necesidades de la ciudadan\u00eda directamente en sus colonias, el presidente municipal Ricardo Ahued Bardahuil realiz\u00f3 un recorrido por la colonia Felipe Carrillo Puerto. Acompa\u00f1ado por regidoras y regidores, el Edil instruy\u00f3 a que personal de la Direcci\u00f3n de [&hellip;]<\/p>\n","protected":false},"author":2476,"featured_media":40217,"comment_status":"open","ping_status":"open","sticky":false,"template":"","format":"standard","meta":{"_jetpack_memberships_contains_paid_content":false,"footnotes":""},"categories":[3],"tags":[],"class_list":["post-40214","post","type-post","status-publish","format-standard","has-post-thumbnail","hentry","category-xalapa"],"jetpack_featured_media_url":"https:\/\/encuentroinformativo.com.mx\/wp-content\/uploads\/2023\/05\/IMG-20230504-WA00912.jpg","jetpack_sharing_enabled":true,"jetpack_likes_enabled":true,"amp_enabled":true,"_links":{"self":[{"href":"https:\/\/encuentroinformativo.com.mx\/index.php?rest_route=\/wp\/v2\/posts\/40214","targetHints":{"allow":["GET"]}}],"collection":[{"href":"https:\/\/encuentroinformativo.com.mx\/index.php?rest_route=\/wp\/v2\/posts"}],"about":[{"href":"https:\/\/encuentroinformativo.com.mx\/index.php?rest_route=\/wp\/v2\/types\/post"}],"author":[{"embeddable":true,"href":"https:\/\/encuentroinformativo.com.mx\/index.php?rest_route=\/wp\/v2\/users\/2476"}],"replies":[{"embeddable":true,"href":"https:\/\/encuentroinformativo.com.mx\/index.php?rest_route=%2Fwp%2Fv2%2Fcomments&post=40214"}],"version-history":[{"count":1,"href":"https:\/\/encuentroinformativo.com.mx\/index.php?rest_route=\/wp\/v2\/posts\/40214\/revisions"}],"predecessor-version":[{"id":40216,"href":"https:\/\/encuentroinformativo.com.mx\/index.php?rest_route=\/wp\/v2\/posts\/40214\/revisions\/40216"}],"wp:featuredmedia":[{"embeddable":true,"href":"https:\/\/encuentroinformativo.com.mx\/index.php?rest_route=\/wp\/v2\/media\/40217"}],"wp:attachment":[{"href":"https:\/\/encuentroinformativo.com.mx\/index.php?rest_route=%2Fwp%2Fv2%2Fmedia&parent=40214"}],"wp:term":[{"taxonomy":"category","embeddable":true,"href":"https:\/\/encuentroinformativo.com.mx\/index.php?rest_route=%2Fwp%2Fv2%2Fcategories&post=40214"},{"taxonomy":"post_tag","embeddable":true,"href":"https:\/\/encuentroinformativo.com.mx\/index.php?rest_route=%2Fwp%2Fv2%2Ftags&post=40214"}],"curies":[{"name":"wp","href":"https:\/\/api.w.org\/{rel}","templated":true}]}}