{"id":40218,"date":"2023-05-05T10:11:09","date_gmt":"2023-05-05T16:11:09","guid":{"rendered":"https:\/\/encuentroinformativo.com.mx\/?p=40218"},"modified":"2023-05-05T10:11:12","modified_gmt":"2023-05-05T16:11:12","slug":"el-destape-del-cisne","status":"publish","type":"post","link":"https:\/\/encuentroinformativo.com.mx\/?p=40218","title":{"rendered":"EL DESTAPE DEL CISNE"},"content":{"rendered":"\n<p><strong>Los Pol\u00edticos<\/strong><\/p>\n\n\n\n<p><strong>Salvador Mu\u00f1oz<\/strong><\/p>\n\n\n\n<p>Al \u201cdestape\u201d de Manuel Velasco Coello, como un probable candidato al 2024 por la presidencia de la Rep\u00fablica, se suma el destape local de Alberto Silva Ramos\u2026 s\u00ed, pero como coordinador de la campa\u00f1a presidencial del G\u00fcero\u2026 bueno, aunque hay quienes ya aventuran a que si su compadre chiapaneco va por la Grande nacional, el tuxpe\u00f1o ir\u00eda igual por la Grande estatal.<\/p>\n\n\n\n<p>Quiz\u00e1s por eso la promoci\u00f3n de un video que hizo circular el mismo Cisne en sus redes, titulado \u201cBeto Silva busca un Mejor Futuro para Veracruz\u201d y cuya primera imagen nos hace recordar el \u201cVamos para Adelante\u201d de Javier Duarte de Ochoa, con quien colabor\u00f3.<\/p>\n\n\n\n<p>En dicho promocional da a conocer su curriculum o lo que fue su paso por la entidad, fuera como funcionario estatal (nada m\u00e1s cita que fue delegado de Sedesol, dejando a un lado el Coordinador de Comunicaci\u00f3n Social y Vocero del Gobernador) y alcalde de Tuxpan donde si no mal recuerdo, lleg\u00f3 con la espada desenvainada y literalmente mand\u00f3 a la c\u00e1rcel a su antecesor en el Ayuntamiento, Juan Ram\u00f3n G\u00e1nem Vargas. Remata su video con una frase: \u201cEl Futuro es Verde\u201d. Lo curioso del video es que dicho color es el que menos aparece y s\u00ed sobresale el morado, naranja y blanco.<\/p>\n\n\n\n<p>Un detalle m\u00e1s: al pie del video, cuando inicia, aparece un \u00c1ngel de la Independencia y una A con tilde. Imaginamos que debe ser el logo de la casa editorial que se encarg\u00f3 de producir el video.<\/p>\n\n\n\n<p>Previo a todo esto, hay que reconocer que Alberto Silva Ramos es un pol\u00edtico que no ha dejado de hacer territorio, pues lo mismo se le ve en el Puerto de los Bellos Atardeceres, que en Boca del R\u00edo, Veracruz o Manlio Fabio Altamirano\u2026 ya sea entregando juguetes, con l\u00edderes de colonia, con sectores de su partido, igual que con empresarios u organizaciones sindicales.<\/p>\n\n\n\n<p>Quiz\u00e1s por ese activismo que lo trae de la Ceca a la Meca, es que ya muchos lo ven como candidato a la Gubernatura de Veracruz por el Verde, bajo el \u00e1nimo de que si el G\u00fcero Velasco lo hace por la presidencia, \u00bfpor qu\u00e9 \u00e9l no por su entidad?<\/p>\n\n\n\n<p>En Veracruz, hay que comentarlo, el Verde Ecologista ha sido muy maltratado por Morena y baste como ejemplo, la desbaratada de bancada que le dio al inicio de esta Legislatura.<\/p>\n\n\n\n<p>En un momento dado, ya lo he comentado por ac\u00e1 tambi\u00e9n, de cierto modo la participaci\u00f3n en solitario del PVEM vendr\u00eda a decirnos realmente de qu\u00e9 est\u00e1 hecho el Verde, que desde su origen se gan\u00f3 la fama de ser un partido de juniors\u2026 baste recordar a sus dirigentes nacionales y a uno que otro estatal veracruzano.<\/p>\n\n\n\n<p>Insisto: ojal\u00e1 el PVEM vaya en serio con esto de su participaci\u00f3n en 2024 por s\u00ed solos y no est\u00e9 condicionada a lo que ocurra en Coahuila donde van por separado de sus \u00faltimos aliados: Morena y PT, porque si no, tanto \u201cel destape\u201d del G\u00fcero como \u201cel Mejor Futuro para Veracruz\u201d, no dejar\u00e1 de ser una buena estrategia pol\u00edtica que aparentemente s\u00f3lo busca vender a sus aliados caro su amor en este 2024\u2026&nbsp;<\/p>\n","protected":false},"excerpt":{"rendered":"<p>Los Pol\u00edticos Salvador Mu\u00f1oz Al \u201cdestape\u201d de Manuel Velasco Coello, como un probable candidato al 2024 por la presidencia de la Rep\u00fablica, se suma el destape local de Alberto Silva Ramos\u2026 s\u00ed, pero como coordinador de la campa\u00f1a presidencial del G\u00fcero\u2026 bueno, aunque hay quienes ya aventuran a que si su compadre chiapaneco va por [&hellip;]<\/p>\n","protected":false},"author":2476,"featured_media":387,"comment_status":"open","ping_status":"open","sticky":false,"template":"","format":"standard","meta":{"_jetpack_memberships_contains_paid_content":false,"footnotes":""},"categories":[11],"tags":[],"class_list":["post-40218","post","type-post","status-publish","format-standard","has-post-thumbnail","hentry","category-opinion"],"jetpack_featured_media_url":"https:\/\/encuentroinformativo.com.mx\/wp-content\/uploads\/2020\/03\/7CF8A22B-2764-47BE-8F7F-38FE9E5D6A2F.jpeg","jetpack_sharing_enabled":true,"jetpack_likes_enabled":true,"amp_enabled":true,"_links":{"self":[{"href":"https:\/\/encuentroinformativo.com.mx\/index.php?rest_route=\/wp\/v2\/posts\/40218","targetHints":{"allow":["GET"]}}],"collection":[{"href":"https:\/\/encuentroinformativo.com.mx\/index.php?rest_route=\/wp\/v2\/posts"}],"about":[{"href":"https:\/\/encuentroinformativo.com.mx\/index.php?rest_route=\/wp\/v2\/types\/post"}],"author":[{"embeddable":true,"href":"https:\/\/encuentroinformativo.com.mx\/index.php?rest_route=\/wp\/v2\/users\/2476"}],"replies":[{"embeddable":true,"href":"https:\/\/encuentroinformativo.com.mx\/index.php?rest_route=%2Fwp%2Fv2%2Fcomments&post=40218"}],"version-history":[{"count":1,"href":"https:\/\/encuentroinformativo.com.mx\/index.php?rest_route=\/wp\/v2\/posts\/40218\/revisions"}],"predecessor-version":[{"id":40219,"href":"https:\/\/encuentroinformativo.com.mx\/index.php?rest_route=\/wp\/v2\/posts\/40218\/revisions\/40219"}],"wp:featuredmedia":[{"embeddable":true,"href":"https:\/\/encuentroinformativo.com.mx\/index.php?rest_route=\/wp\/v2\/media\/387"}],"wp:attachment":[{"href":"https:\/\/encuentroinformativo.com.mx\/index.php?rest_route=%2Fwp%2Fv2%2Fmedia&parent=40218"}],"wp:term":[{"taxonomy":"category","embeddable":true,"href":"https:\/\/encuentroinformativo.com.mx\/index.php?rest_route=%2Fwp%2Fv2%2Fcategories&post=40218"},{"taxonomy":"post_tag","embeddable":true,"href":"https:\/\/encuentroinformativo.com.mx\/index.php?rest_route=%2Fwp%2Fv2%2Ftags&post=40218"}],"curies":[{"name":"wp","href":"https:\/\/api.w.org\/{rel}","templated":true}]}}