{"id":40220,"date":"2023-05-05T10:19:49","date_gmt":"2023-05-05T16:19:49","guid":{"rendered":"https:\/\/encuentroinformativo.com.mx\/?p=40220"},"modified":"2023-05-05T10:19:54","modified_gmt":"2023-05-05T16:19:54","slug":"procede-ayuntamiento-de-amatlan-contra-manifestantes","status":"publish","type":"post","link":"https:\/\/encuentroinformativo.com.mx\/?p=40220","title":{"rendered":"Procede Ayuntamiento de Amatl\u00e1n contra manifestantes"},"content":{"rendered":"\n<p><strong>Juan Arcos <\/strong><\/p>\n\n\n\n<p>Xalapa, Ver.- Casi 30 organizaciones ambientalistas, activistas y hasta el Pastoral Social de la Di\u00f3cesis de C\u00f3rdoba exigieron que cese la represi\u00f3n contra los pobladores que se oponen a la instalaci\u00f3n de un centro de transferencia de residuos s\u00f3lidos en la regi\u00f3n de C\u00f3rdoba y Amatl\u00e1n de los Reyes.<\/p>\n\n\n\n<p>El ayuntamiento de Amatl\u00e1n procedi\u00f3 legalmente contra los habitantes que se manifiestan y mantienen la toma del Palacio Municipal desde el pasado 25 de abril.<\/p>\n\n\n\n<p>Por tal motivo, los activistas demandaron que cese la campa\u00f1a de hostigamiento en contra del movimiento y el retiro inmediato e incondicional de la denuncia que se ha formulado ante la Fiscal\u00eda General del Estado de Veracruz contra varios compa\u00f1eros y compa\u00f1eras que se oponen al proyecto.<\/p>\n\n\n\n<p>Tambi\u00e9n pidieron atenci\u00f3n a la propuesta de instalaci\u00f3n de una mesa de di\u00e1logo con representantes del movimiento y las comunidades afectadas, de Amatl\u00e1n y C\u00f3rdoba involucrados en el proyecto mencionado, de la Comisi\u00f3n Estatal de Derechos Humanos y del Gobierno del Estado.<\/p>\n\n\n\n<p>Hace cuatro d\u00edas, arribaron elementos de la polic\u00eda al punto de la protesta, lo que consideraron un acto intimidatorio, pues se hablaba de que pretend\u00edan desalojarlos.<\/p>\n\n\n\n<p>Cabe recordar que el ayuntamiento de Amatl\u00e1n divulg\u00f3 un mensaje donde responsabiliz\u00f3 a los manifestantes de la suspensi\u00f3n temporal de los servicios municipales y de los festejos por el D\u00eda del Ni\u00f1o.<\/p>\n\n\n\n<p>\u201cA los habitantes del municipio de Amatl\u00e1n de los Reyes se les informa que como consecuencias de la toma del palacio municipal, se est\u00e1n viendo afectados los pagos a nuestros acreedores, por tal motivo se empezaran a suspender los servicios municipales. As\u00ed mismo queda la posibilidad de suspender el d\u00eda del ni\u00f1o en todo el municipio, por no poder contar con las garant\u00edas de salva guardar la integridad f\u00edsica de los menores\u201d, se lee en la publicaci\u00f3n.<\/p>\n\n\n\n<p>Desde el pasado 17 de abril, vecinos de la colonia San Francisco, en la cabecera municipal, se percataron de la presencia de maquinaria en los terrenos colindantes con la ciudad de C\u00f3rdoba.<\/p>\n\n\n\n<p>\u201cEl lugar elegido para emprender este proyecto se encuentra ubicado a escasos metros de la poblaci\u00f3n de Amatl\u00e1n de los Reyes y C\u00f3rdoba, por lo cual se afectar\u00eda la salud de los habitantes, as\u00ed como los mantos fre\u00e1ticos, pozos artesanos y la tierra\u201d, indican los integrantes de La Asamblea Veracruzana de Iniciativas y Defensa Ambiental (Lavida).<\/p>\n\n\n\n<p>Afirman que las autoridades de C\u00f3rdoba y Amatl\u00e1n han sido omisas al no proporcionar informaci\u00f3n a la comunidad respecto al proyecto del centro de transferencia.<\/p>\n\n\n\n<p>Por lo anterior, los habitantes decidieron montar un campamento en el lugar, con el fin de ser escuchados y ante la primer demanda que es la \u201cno instalaci\u00f3n del centro de transferencia en ese lugar\u201d, pues consideran que estos sitios violentan las leyes ambientales y contaminan el entorno.<\/p>\n\n\n\n<p>Algunas de las organizaciones civiles que se han pronunciado al respecto son: Pueblo Organizado de Amatl\u00e1n de los Reyes, La Asamblea Veracruzana de Iniciativas y Defensa Ambiental, Colectivo Feminista Cihuatlahtolli, Coordinadora de Los Pueblos en Defensa Del R\u00edo Atoyac, Pueblos Unidos de la Cuenca Antigua por R\u00edos Libres, Colectivo en Defensa del Territorio y la Vida en la Sierra de Chiconquiaco, Organizaci\u00f3n de Taxistas Independientes y la Red Unidos por los Derechos Humanos, por mencionar algunas.<\/p>\n\n\n\n<figure class=\"wp-block-image size-large\"><img loading=\"lazy\" decoding=\"async\" width=\"608\" height=\"456\" src=\"https:\/\/encuentroinformativo.com.mx\/wp-content\/uploads\/2023\/05\/IMG_1943.jpg\" alt=\"\" class=\"wp-image-40222\" srcset=\"https:\/\/encuentroinformativo.com.mx\/wp-content\/uploads\/2023\/05\/IMG_1943.jpg 608w, https:\/\/encuentroinformativo.com.mx\/wp-content\/uploads\/2023\/05\/IMG_1943-300x225.jpg 300w\" sizes=\"auto, (max-width: 608px) 100vw, 608px\" \/><\/figure>\n","protected":false},"excerpt":{"rendered":"<p>Juan Arcos Xalapa, Ver.- Casi 30 organizaciones ambientalistas, activistas y hasta el Pastoral Social de la Di\u00f3cesis de C\u00f3rdoba exigieron que cese la represi\u00f3n contra los pobladores que se oponen a la instalaci\u00f3n de un centro de transferencia de residuos s\u00f3lidos en la regi\u00f3n de C\u00f3rdoba y Amatl\u00e1n de los Reyes. El ayuntamiento de Amatl\u00e1n [&hellip;]<\/p>\n","protected":false},"author":2476,"featured_media":40221,"comment_status":"open","ping_status":"open","sticky":false,"template":"","format":"standard","meta":{"_jetpack_memberships_contains_paid_content":false,"footnotes":""},"categories":[2],"tags":[],"class_list":["post-40220","post","type-post","status-publish","format-standard","has-post-thumbnail","hentry","category-estado"],"jetpack_featured_media_url":"https:\/\/encuentroinformativo.com.mx\/wp-content\/uploads\/2023\/05\/d2297597-df97-4b1f-926a-23ee362f42a0.jpg","jetpack_sharing_enabled":true,"jetpack_likes_enabled":true,"amp_enabled":true,"_links":{"self":[{"href":"https:\/\/encuentroinformativo.com.mx\/index.php?rest_route=\/wp\/v2\/posts\/40220","targetHints":{"allow":["GET"]}}],"collection":[{"href":"https:\/\/encuentroinformativo.com.mx\/index.php?rest_route=\/wp\/v2\/posts"}],"about":[{"href":"https:\/\/encuentroinformativo.com.mx\/index.php?rest_route=\/wp\/v2\/types\/post"}],"author":[{"embeddable":true,"href":"https:\/\/encuentroinformativo.com.mx\/index.php?rest_route=\/wp\/v2\/users\/2476"}],"replies":[{"embeddable":true,"href":"https:\/\/encuentroinformativo.com.mx\/index.php?rest_route=%2Fwp%2Fv2%2Fcomments&post=40220"}],"version-history":[{"count":1,"href":"https:\/\/encuentroinformativo.com.mx\/index.php?rest_route=\/wp\/v2\/posts\/40220\/revisions"}],"predecessor-version":[{"id":40223,"href":"https:\/\/encuentroinformativo.com.mx\/index.php?rest_route=\/wp\/v2\/posts\/40220\/revisions\/40223"}],"wp:featuredmedia":[{"embeddable":true,"href":"https:\/\/encuentroinformativo.com.mx\/index.php?rest_route=\/wp\/v2\/media\/40221"}],"wp:attachment":[{"href":"https:\/\/encuentroinformativo.com.mx\/index.php?rest_route=%2Fwp%2Fv2%2Fmedia&parent=40220"}],"wp:term":[{"taxonomy":"category","embeddable":true,"href":"https:\/\/encuentroinformativo.com.mx\/index.php?rest_route=%2Fwp%2Fv2%2Fcategories&post=40220"},{"taxonomy":"post_tag","embeddable":true,"href":"https:\/\/encuentroinformativo.com.mx\/index.php?rest_route=%2Fwp%2Fv2%2Ftags&post=40220"}],"curies":[{"name":"wp","href":"https:\/\/api.w.org\/{rel}","templated":true}]}}