{"id":40224,"date":"2023-05-05T12:25:06","date_gmt":"2023-05-05T18:25:06","guid":{"rendered":"https:\/\/encuentroinformativo.com.mx\/?p=40224"},"modified":"2023-05-05T12:25:09","modified_gmt":"2023-05-05T18:25:09","slug":"por-falta-de-apoyos-en-riesgo-top-3-de-veracruz-en-espartaqueada-nacional","status":"publish","type":"post","link":"https:\/\/encuentroinformativo.com.mx\/?p=40224","title":{"rendered":"Por falta de apoyos, en riesgo top 3 de Veracruz en Espartaqueada Nacional"},"content":{"rendered":"\n<p><strong>Alejandro \u00c1vila<\/strong><\/p>\n\n\n\n<p>Veracruz, Ver.- El tercer lugar nacional obtenido en 2020 por la delegaci\u00f3n de Veracruz en la Espartaqueada Nacional, peligra debido a la negativa de apoyo del Instituto Veracruzano del Deporte.<\/p>\n\n\n\n<p>Cabe mencionar que la \u00faltima edici\u00f3n de la Espartaqueda Nacional se realiz\u00f3 en el 2020, posteriormente fue suspendida por la emergencia sanitaria y ser\u00e1 retomada en este 2023.<\/p>\n\n\n\n<p>&#8220;Nos hemos acercado con Gobierno del Estado en diferentes ocasiones, la dependencia que corresponde el Instituto Veracruzano del Deporte, pero no hemos recibido respuesta positiva, quiero decirte algunos Ayuntamientos nos han estado apoyando, pero el Gobierno Estatal no nos ha apoyado&#8221;, expres\u00f3 Jos\u00e9 Humberto Aguirre Arregui, titular de la Comisi\u00f3n Deportiva de Antorcha Campesina en Veracruz.<\/p>\n\n\n\n<p>Poco m\u00e1s de 40 deportistas son de los municipios de Veracruz y Alvarado; en total, se estima que la entidad veracruzana env\u00ede cerca de 700 atletas a la edici\u00f3n XXI de Espartaqueada Deportiva Nacional, la justa deportiva no gubernamental m\u00e1s importante en el pa\u00eds.<\/p>\n\n\n\n<p>Un equipo de basquetbol femenil en la categor\u00eda Juvenil B, mismo que promete medallas para el estado; j\u00f3venes seleccionados en basquetbol y futbol varonil, tambi\u00e9n en la categor\u00eda Juvenil B; 8 atletas del puerto de Veracruz y 6 m\u00e1s de Alvarado, es como est\u00e1 conformada la delegaci\u00f3n jarocha para competir en Tecomatl\u00e1n, Puebla a partir de este 6 de mayo y hasta el 14 de este mes, junto con m\u00e1s de 8 mil deportistas de los 32 estados de la rep\u00fablica.&nbsp;<\/p>\n\n\n\n<p>El Movimiento Antorchista organiza este evento con la intenci\u00f3n de fomentar el deporte entre los sectores populares y para que estos tengan oportunidades de competir sana y fraternamente en eventos de talla nacional.<\/p>\n\n\n\n<p>\u201cLa Espartaqueada, al igual que todos los eventos que realiza la organizaci\u00f3n, son realmente valorados por nosotros que somos deportistas que nos preparamos d\u00eda con d\u00eda con mucho esfuerzo porque vamos nadando contra corriente; no contamos con el apoyo de ninguna autoridad para realizar nuestra actividad, debemos ser nosotros, juntos con los padres de familia, los que busquemos los medios para costearla&#8221;, relat\u00f3 un atleta.<\/p>\n\n\n\n<p>Jos\u00e9 Humberto Aguirre, dijo que los atletas han realizado durante semanas boteos y rifas para poder costear las necesidades en la justa deportiva, que van desde traslados, uniformes, comidas, hospedaje y material deportivo.<\/p>\n\n\n\n<p>&#8220;Hemos realizado diferentes actividades econ\u00f3micas para cubrir parte de los gastos, los mismos j\u00f3venes, los mismos padres de familia, los mismos compa\u00f1eros activistas han salido a las calles a botear para poder solventar la mayor\u00eda de los gastos, nos hemos acercado diferentes municipios para que nos puedan apoyar porque el deporte es un derecho y les corresponde tambi\u00e9n a ellos poder apoyarnos para asistir a este evento deportivo, en algunos casos hemos recibido respuesta positiva pero en algunos casos no, como es la m\u00e1xima autoridad aqu\u00ed en el estado, el Instituto Veracruzano del Deporte, pues pr\u00e1cticamente a veces no nos quieren recibir y no nos han apoyado&#8221;, remat\u00f3.<\/p>\n","protected":false},"excerpt":{"rendered":"<p>Alejandro \u00c1vila Veracruz, Ver.- El tercer lugar nacional obtenido en 2020 por la delegaci\u00f3n de Veracruz en la Espartaqueada Nacional, peligra debido a la negativa de apoyo del Instituto Veracruzano del Deporte. Cabe mencionar que la \u00faltima edici\u00f3n de la Espartaqueda Nacional se realiz\u00f3 en el 2020, posteriormente fue suspendida por la emergencia sanitaria y [&hellip;]<\/p>\n","protected":false},"author":2476,"featured_media":40225,"comment_status":"open","ping_status":"open","sticky":false,"template":"","format":"standard","meta":{"_jetpack_memberships_contains_paid_content":false,"footnotes":""},"categories":[2],"tags":[],"class_list":["post-40224","post","type-post","status-publish","format-standard","has-post-thumbnail","hentry","category-estado"],"jetpack_featured_media_url":"https:\/\/encuentroinformativo.com.mx\/wp-content\/uploads\/2023\/05\/IMG-20230505-WA0007.jpg","jetpack_sharing_enabled":true,"jetpack_likes_enabled":true,"amp_enabled":true,"_links":{"self":[{"href":"https:\/\/encuentroinformativo.com.mx\/index.php?rest_route=\/wp\/v2\/posts\/40224","targetHints":{"allow":["GET"]}}],"collection":[{"href":"https:\/\/encuentroinformativo.com.mx\/index.php?rest_route=\/wp\/v2\/posts"}],"about":[{"href":"https:\/\/encuentroinformativo.com.mx\/index.php?rest_route=\/wp\/v2\/types\/post"}],"author":[{"embeddable":true,"href":"https:\/\/encuentroinformativo.com.mx\/index.php?rest_route=\/wp\/v2\/users\/2476"}],"replies":[{"embeddable":true,"href":"https:\/\/encuentroinformativo.com.mx\/index.php?rest_route=%2Fwp%2Fv2%2Fcomments&post=40224"}],"version-history":[{"count":1,"href":"https:\/\/encuentroinformativo.com.mx\/index.php?rest_route=\/wp\/v2\/posts\/40224\/revisions"}],"predecessor-version":[{"id":40226,"href":"https:\/\/encuentroinformativo.com.mx\/index.php?rest_route=\/wp\/v2\/posts\/40224\/revisions\/40226"}],"wp:featuredmedia":[{"embeddable":true,"href":"https:\/\/encuentroinformativo.com.mx\/index.php?rest_route=\/wp\/v2\/media\/40225"}],"wp:attachment":[{"href":"https:\/\/encuentroinformativo.com.mx\/index.php?rest_route=%2Fwp%2Fv2%2Fmedia&parent=40224"}],"wp:term":[{"taxonomy":"category","embeddable":true,"href":"https:\/\/encuentroinformativo.com.mx\/index.php?rest_route=%2Fwp%2Fv2%2Fcategories&post=40224"},{"taxonomy":"post_tag","embeddable":true,"href":"https:\/\/encuentroinformativo.com.mx\/index.php?rest_route=%2Fwp%2Fv2%2Ftags&post=40224"}],"curies":[{"name":"wp","href":"https:\/\/api.w.org\/{rel}","templated":true}]}}