{"id":4023,"date":"2020-07-11T13:30:32","date_gmt":"2020-07-11T18:30:32","guid":{"rendered":"https:\/\/encuentroinformativo.com\/?p=4023"},"modified":"2020-07-11T13:30:34","modified_gmt":"2020-07-11T18:30:34","slug":"celebran-fiesta-del-bosque-con-entrega-de-plantas","status":"publish","type":"post","link":"https:\/\/encuentroinformativo.com.mx\/?p=4023","title":{"rendered":"Celebran Fiesta del Bosque con entrega de plantas"},"content":{"rendered":"\n<p><strong>Dar\u00edo Pale <\/strong><\/p>\n\n\n\n<p>Xalapa, Ver.- Con sana distancia y atendiendo las recomendaciones del sector salud, y en marco del D\u00eda del \u00c1rbol en M\u00e9xico y la Fiesta del Bosque, que se celebran este mes de julio, la Delegaci\u00f3n de Programas para el Desarrollo en Veracruz, a trav\u00e9s de la Coordinaci\u00f3n del Sector Ambiental del Gobierno de M\u00e9xico en Veracruz que representa Juan Carlos Atzin Calder\u00f3n realizaron evento en el Vivero de la Unidad de Manejo para la Conservaci\u00f3n de la Vida Silvestre (UMA) Punta Gorda Selva Mediana Mangle.<\/p>\n\n\n\n<p>En dicho evento, la Administraci\u00f3n Portuaria Integral de Veracruz (APIVER) llev\u00f3 a cabo la entrega de 1000 plantas de mangle rojo a pescadores de la Laguna Cabana, como parte de un trabajo conjunto entre la poblaci\u00f3n, la Coordinaci\u00f3n del Sector Ambiental Federal y las Organizaciones de la Sociedad Civil.<\/p>\n\n\n\n<p>Por su parte Atzin Calder\u00f3n reconoci\u00f3 el trabajo de la APIVER, dijo que desde la Coordinaci\u00f3n del Sector Ambiental Federal a su cargo, continuar\u00e1n impulsando una pol\u00edtica ambiental por la profunda recuperaci\u00f3n del pa\u00eds, adem\u00e1s de seguir estableciendo un di\u00e1logo directo con las comunidades.<\/p>\n\n\n\n<p>Coment\u00f3 que para el caso de la Laguna Cabana, misma que pertenece al ANP Archipi\u00e9lago de Lagunas Interdunarias de la Zona Conurbada de los Municipios de Veracruz y La Antigua, ya se han estado realizando acciones y continuar\u00e1n de la mano de APIVER.<\/p>\n\n\n\n<p>Inform\u00f3 que desde la Procuradur\u00eda Federal de Protecci\u00f3n al Ambiente se han realizado inspecciones, clausura de sitios, y se encuentra abierto expediente por tala clandestina de manglar en la zona, adem\u00e1s desde la Secretar\u00eda de Medio Ambiente y Recursos Naturales, en unidad con la Comisi\u00f3n Nacional de \u00c1reas Naturales Protegidas y la Comisi\u00f3n Nacional Forestal, se impulsa la educaci\u00f3n ambiental, se realizan capacitaciones, informaci\u00f3n sobre programas a los que puede acceder la poblaci\u00f3n, capacitaciones, a la vez que se generan los mecanismos de participaci\u00f3n ciudadana para integrar acciones de preservaci\u00f3n &nbsp;y protecci\u00f3n ambiental.<\/p>\n\n\n\n<p>Por su parte desde la Comisi\u00f3n Nacional del Agua, se tiene un constante monitoreo del agua en zonas aleda\u00f1as a la laguna para verificar que las aguas que lleguen a ese sitio no afecten las especies que ah\u00ed habitan.<\/p>\n\n\n\n<p>Agradeci\u00f3 el apoyo que ha recibido de Celso Hern\u00e1ndez Aponte, Coordinador de Enlace Ambiental de APIVER, as\u00ed como la asistencia al evento de Rosa Mar\u00eda Hern\u00e1ndez Espejo, Subdelegada de Programas para el Desarrollo en la Regi\u00f3n Veracruz.<\/p>\n\n\n\n<p>Puntualiz\u00f3 en que las acciones de reforestaci\u00f3n est\u00e1n contando con la asesor\u00eda de Israel L\u00f3pez Huerta, representante de la Organizaci\u00f3n de la Sociedad Civil Eco-Mare A.C.<\/p>\n\n\n\n<p>Finalmente reconoci\u00f3 a los pescadores como los m\u00e1s grandes asesores en las acciones socioambientales que se est\u00e1n impulsando en la Laguna Cabana, quienes dijo, son los m\u00e1s importantes invitados en el evento, contando con toda la experiencia y conocimiento que han generado a los largo de los a\u00f1os de su importante trabajo, que es pieza clave para el desarrollo del pa\u00eds.<\/p>\n\n\n\n<p><\/p>\n","protected":false},"excerpt":{"rendered":"<p>Dar\u00edo Pale Xalapa, Ver.- Con sana distancia y atendiendo las recomendaciones del sector salud, y en marco del D\u00eda del \u00c1rbol en M\u00e9xico y la Fiesta del Bosque, que se celebran este mes de julio, la Delegaci\u00f3n de Programas para el Desarrollo en Veracruz, a trav\u00e9s de la Coordinaci\u00f3n del Sector Ambiental del Gobierno de [&hellip;]<\/p>\n","protected":false},"author":1,"featured_media":4025,"comment_status":"open","ping_status":"open","sticky":false,"template":"","format":"standard","meta":{"_jetpack_memberships_contains_paid_content":false,"footnotes":""},"categories":[3],"tags":[],"class_list":["post-4023","post","type-post","status-publish","format-standard","has-post-thumbnail","hentry","category-xalapa"],"jetpack_featured_media_url":"https:\/\/encuentroinformativo.com.mx\/wp-content\/uploads\/2020\/07\/D3DDDDB4-5283-4800-A96E-41619E3B27E2.jpeg","jetpack_sharing_enabled":true,"jetpack_likes_enabled":true,"amp_enabled":true,"_links":{"self":[{"href":"https:\/\/encuentroinformativo.com.mx\/index.php?rest_route=\/wp\/v2\/posts\/4023","targetHints":{"allow":["GET"]}}],"collection":[{"href":"https:\/\/encuentroinformativo.com.mx\/index.php?rest_route=\/wp\/v2\/posts"}],"about":[{"href":"https:\/\/encuentroinformativo.com.mx\/index.php?rest_route=\/wp\/v2\/types\/post"}],"author":[{"embeddable":true,"href":"https:\/\/encuentroinformativo.com.mx\/index.php?rest_route=\/wp\/v2\/users\/1"}],"replies":[{"embeddable":true,"href":"https:\/\/encuentroinformativo.com.mx\/index.php?rest_route=%2Fwp%2Fv2%2Fcomments&post=4023"}],"version-history":[{"count":1,"href":"https:\/\/encuentroinformativo.com.mx\/index.php?rest_route=\/wp\/v2\/posts\/4023\/revisions"}],"predecessor-version":[{"id":4026,"href":"https:\/\/encuentroinformativo.com.mx\/index.php?rest_route=\/wp\/v2\/posts\/4023\/revisions\/4026"}],"wp:featuredmedia":[{"embeddable":true,"href":"https:\/\/encuentroinformativo.com.mx\/index.php?rest_route=\/wp\/v2\/media\/4025"}],"wp:attachment":[{"href":"https:\/\/encuentroinformativo.com.mx\/index.php?rest_route=%2Fwp%2Fv2%2Fmedia&parent=4023"}],"wp:term":[{"taxonomy":"category","embeddable":true,"href":"https:\/\/encuentroinformativo.com.mx\/index.php?rest_route=%2Fwp%2Fv2%2Fcategories&post=4023"},{"taxonomy":"post_tag","embeddable":true,"href":"https:\/\/encuentroinformativo.com.mx\/index.php?rest_route=%2Fwp%2Fv2%2Ftags&post=4023"}],"curies":[{"name":"wp","href":"https:\/\/api.w.org\/{rel}","templated":true}]}}