{"id":40241,"date":"2023-05-05T16:40:26","date_gmt":"2023-05-05T22:40:26","guid":{"rendered":"https:\/\/encuentroinformativo.com.mx\/?p=40241"},"modified":"2023-05-05T16:40:30","modified_gmt":"2023-05-05T22:40:30","slug":"aumento-de-inseguridad-en-sayula-de-aleman-preocupa-a-ciudadanos","status":"publish","type":"post","link":"https:\/\/encuentroinformativo.com.mx\/?p=40241","title":{"rendered":"Aumento de inseguridad en Sayula de Alem\u00e1n preocupa a ciudadanos"},"content":{"rendered":"\n<p><strong>Alejandro \u00c1vila<\/strong><\/p>\n\n\n\n<p>Sayula de Alem\u00e1n, Ver.- La tranquilidad que se respir\u00f3 durante muchos a\u00f1os en el municipio de Sayula de Alem\u00e1n, ha ido en detrimento durante los \u00faltimos meses; los ciudadanos acusan un incremento en la violencia desde que tom\u00f3 la administraci\u00f3n del Ayuntamiento, la alcaldesa, Lorena S\u00e1nchez Vargas.<\/p>\n\n\n\n<p>Los ciudadanos mencionan que parte del problema se debe a la presencia de la pareja sentimental de la presidenta municipal, Ramiro Condado Escamilla, pues tiene un negro historial que lo respalda; en 1998 fue juzgado por usurpaci\u00f3n de funciones (proceso penal 20\/1997) y unos a\u00f1os m\u00e1s tarde por tr\u00e1fico de personas (proceso penal 54\/2002 juzgado decimo de distrito).<\/p>\n\n\n\n<p>El pasado 28 de abril del 2023, Ramiro Condado, volvi\u00f3 a verse frente a frente con los ciudadanos, argumentando ser el l\u00edder de la asociaci\u00f3n Barz\u00f3n, incluso, dio una rueda de prensa donde explic\u00f3 los beneficios que dar\u00eda la poblaci\u00f3n si lo apoyan en sus intereses pol\u00edticos.<\/p>\n\n\n\n<p>Es de mencionar que, cuando en el 2021 Fredy Ayala y su grupo delictivo dej\u00f3 la zona de Sayula y Acayucan, la violencia se redujo notoriamente e incluso el municipio fue uno de los m\u00e1s seguros de acuerdo a datos del Secretariado Ejecutivo del Sistema Nacional de Seguridad P\u00fablica.<\/p>\n\n\n\n<p>Dicha zona es estrat\u00e9gica para la realizaci\u00f3n de las obras del Corredor Interoce\u00e1nico que encabeza el presidente, Andr\u00e9s Manuel L\u00f3pez Obrador, pero ahora la paz se ve amenazada con la entrada del nuevo grupo de Condado Escamilla.<\/p>\n\n\n\n<p>Una vez que la alcaldesa Lorena S\u00e1nchez Vargas estableci\u00f3 una alianza muy marcada con la familia Condado, quienes tambi\u00e9n mantienen el control pol\u00edtico en Acayucan, donde a diario ejecutan personas, secuestran y cobran cuotas al por mayor, se proyecta el mismo destino para Sayula.<\/p>\n\n\n\n<p>Apenas el pasado 3 de mayo, los medios de comunicaci\u00f3n locales reportaron un intenso d\u00eda de fechor\u00edas, pues se registraron robos, negocios baleados, personas privadas de la libertad y una pareja, hombre y mujer, asesinados frente a las instalaciones de la Ganadera.<\/p>\n\n\n\n<p>Ahora los pobladores de Sayula han revivido el temor de tener que existir en un ambiente de violencia como el de Acayucan, donde los Condado operan por medio de Rosalba Rodr\u00edguez, alias &#8220;La Paloma&#8221;, hoy el municipio m\u00e1s violento del sur de Veracruz, mucho m\u00e1s que Coatzacoalcos y Minatitl\u00e1n.<\/p>\n\n\n\n<p>Esta \u00faltima es pareja sentimental de Cuitl\u00e1huac Condado Escamilla, hermano de Ramiro Condado, y cu\u00f1ada de \u00e9ste, es la alcaldesa de Acayucan, en donde actualmente los pobladores viven en un infierno a causa de las bandas de la delincuencia que llevan varios a\u00f1os operando impunemente.<\/p>\n\n\n\n<p>Antes de ella, el que gobernaba era Cuitl\u00e1huac Condado Escamilla, del PRD, por lo que el poder pr\u00e1cticamente se lo han ido heredando entre ellos mismos para poder seguir haciendo sus negocios libremente.<\/p>\n","protected":false},"excerpt":{"rendered":"<p>Alejandro \u00c1vila Sayula de Alem\u00e1n, Ver.- La tranquilidad que se respir\u00f3 durante muchos a\u00f1os en el municipio de Sayula de Alem\u00e1n, ha ido en detrimento durante los \u00faltimos meses; los ciudadanos acusan un incremento en la violencia desde que tom\u00f3 la administraci\u00f3n del Ayuntamiento, la alcaldesa, Lorena S\u00e1nchez Vargas. Los ciudadanos mencionan que parte del [&hellip;]<\/p>\n","protected":false},"author":2476,"featured_media":40242,"comment_status":"open","ping_status":"open","sticky":false,"template":"","format":"standard","meta":{"_jetpack_memberships_contains_paid_content":false,"footnotes":""},"categories":[2],"tags":[],"class_list":["post-40241","post","type-post","status-publish","format-standard","has-post-thumbnail","hentry","category-estado"],"jetpack_featured_media_url":"https:\/\/encuentroinformativo.com.mx\/wp-content\/uploads\/2023\/05\/IMG-20230505-WA0023.jpg","jetpack_sharing_enabled":true,"jetpack_likes_enabled":true,"amp_enabled":true,"_links":{"self":[{"href":"https:\/\/encuentroinformativo.com.mx\/index.php?rest_route=\/wp\/v2\/posts\/40241","targetHints":{"allow":["GET"]}}],"collection":[{"href":"https:\/\/encuentroinformativo.com.mx\/index.php?rest_route=\/wp\/v2\/posts"}],"about":[{"href":"https:\/\/encuentroinformativo.com.mx\/index.php?rest_route=\/wp\/v2\/types\/post"}],"author":[{"embeddable":true,"href":"https:\/\/encuentroinformativo.com.mx\/index.php?rest_route=\/wp\/v2\/users\/2476"}],"replies":[{"embeddable":true,"href":"https:\/\/encuentroinformativo.com.mx\/index.php?rest_route=%2Fwp%2Fv2%2Fcomments&post=40241"}],"version-history":[{"count":1,"href":"https:\/\/encuentroinformativo.com.mx\/index.php?rest_route=\/wp\/v2\/posts\/40241\/revisions"}],"predecessor-version":[{"id":40243,"href":"https:\/\/encuentroinformativo.com.mx\/index.php?rest_route=\/wp\/v2\/posts\/40241\/revisions\/40243"}],"wp:featuredmedia":[{"embeddable":true,"href":"https:\/\/encuentroinformativo.com.mx\/index.php?rest_route=\/wp\/v2\/media\/40242"}],"wp:attachment":[{"href":"https:\/\/encuentroinformativo.com.mx\/index.php?rest_route=%2Fwp%2Fv2%2Fmedia&parent=40241"}],"wp:term":[{"taxonomy":"category","embeddable":true,"href":"https:\/\/encuentroinformativo.com.mx\/index.php?rest_route=%2Fwp%2Fv2%2Fcategories&post=40241"},{"taxonomy":"post_tag","embeddable":true,"href":"https:\/\/encuentroinformativo.com.mx\/index.php?rest_route=%2Fwp%2Fv2%2Ftags&post=40241"}],"curies":[{"name":"wp","href":"https:\/\/api.w.org\/{rel}","templated":true}]}}